{"id":613,"date":"2019-04-14T11:17:31","date_gmt":"2019-04-14T09:17:31","guid":{"rendered":"http:\/\/sud-sdis62.fr\/?p=613"},"modified":"2019-04-14T11:20:44","modified_gmt":"2019-04-14T09:20:44","slug":"deduction-de-la-cotisation-syndicale","status":"publish","type":"post","link":"https:\/\/sud-sdis62.fr\/index.php\/2019\/04\/14\/deduction-de-la-cotisation-syndicale\/","title":{"rendered":"D\u00e9duction de la cotisation syndicale"},"content":{"rendered":"<p class=\"\"><span class=\"\">Bonjour<\/span><\/p>\n<p class=\"\"><span class=\"\">Voici une info pratique pour compl\u00e9ter vos d\u00e9clarations de revenus.<\/span><\/p>\n<p class=\"\"><span class=\"\">La cotisation est d\u00e9ductible \u00e0 100% si vous optez pour les frais r\u00e9els , aucun justi<span class=\"text_exposed_show\">ficatif est n\u00e9cessaire lors de la d\u00e9claration.<\/span><\/span><\/p>\n<div class=\"text_exposed_show\">\n<p class=\"\">N&rsquo;h\u00e9sitez pas \u00e0 nous contacter !<\/p>\n<p><img src=\"http:\/\/sud-sdis62.fr\/wp-content\/uploads\/2019\/04\/Capture-d\u2019\u00e9cran-2019-04-14-\u00e0-10.55.53.png\" alt=\"\" \/><\/p>\n<div class=\"ead-preview\"><div class=\"ead-document\" style=\"position: relative;padding-top: 90%;\"><div class=\"ead-iframe-wrapper\"><iframe src=\"\/\/docs.google.com\/viewer?url=http%3A%2F%2Fsud-sdis62.fr%2Fwp-content%2Fuploads%2F2019%2F04%2FCapture-d%E2%80%99%C3%A9cran-2019-04-14-%C3%A0-10.55.53.png&amp;embedded=true&amp;hl=en\" title=\"Document embarqu\u00e9\" class=\"ead-iframe\" style=\"width: 100%;height: 100%;border: none;position: absolute;left: 0;top: 0;visibility: hidden;\"><\/iframe><\/div>\t\t\t<div class=\"ead-document-loading\" style=\"width:100%;height:100%;position:absolute;left:0;top:0;z-index:10;\">\n\t\t\t\t<div class=\"ead-loading-wrap\">\n\t\t\t\t\t<div class=\"ead-loading-main\">\n\t\t\t\t\t\t<div class=\"ead-loading\">\n\t\t\t\t\t\t\t<img src=\"https:\/\/sud-sdis62.fr\/wp-content\/plugins\/embed-any-document\/images\/loading.svg\" width=\"55\" height=\"55\" alt=\"Chargeur\">\n\t\t\t\t\t\t\t<span>En cours de chargement&hellip;<\/span>\n\t\t\t\t\t\t<\/div>\n\t\t\t\t\t<\/div>\n\t\t\t\t\t<div class=\"ead-loading-foot\">\n\t\t\t\t\t\t<div class=\"ead-loading-foot-title\">\n\t\t\t\t\t\t\t<img src=\"https:\/\/sud-sdis62.fr\/wp-content\/plugins\/embed-any-document\/images\/EAD-logo.svg\" alt=\"Logo EAD\" width=\"36\" height=\"23\"\/>\n\t\t\t\t\t\t\t<span>Cela prend trop de temps\u00a0?<\/span>\n\t\t\t\t\t\t<\/div>\n\t\t\t\t\t\t<p>\n\t\t\t\t\t\t\t<div class=\"ead-document-btn ead-reload-btn\" role=\"button\">\n\t\t\t\t\t\t\t\t<img src=\"https:\/\/sud-sdis62.fr\/wp-content\/plugins\/embed-any-document\/images\/reload.svg\" alt=\"Recharger\" width=\"12\" height=\"12\"\/> Recharger le document\t\t\t\t\t\t\t<\/div>\n\t\t\t\t\t\t\t<span>|<\/span>\n\t\t\t\t\t\t\t<a href=\"https:\/\/docs.google.com\/viewer?url=http%3A%2F%2Fsud-sdis62.fr%2Fwp-content%2Fuploads%2F2019%2F04%2FCapture-d%E2%80%99%C3%A9cran-2019-04-14-%C3%A0-10.55.53.png&#038;hl=en\" class=\"ead-document-btn\" target=\"_blank\">\n\t\t\t\t\t\t\t\t<img src=\"https:\/\/sud-sdis62.fr\/wp-content\/plugins\/embed-any-document\/images\/open.svg\" alt=\"Ouvert\" width=\"12\" height=\"12\"\/> Ouvrir dans un nouvel onglet\t\t\t\t\t\t\t<\/a>\n\t\t\t\t\t<\/div>\n\t\t\t\t<\/div>\n\t\t\t<\/div>\n\t\t<\/div><p class=\"embed_download\"><a href=\"http:\/\/sud-sdis62.fr\/wp-content\/uploads\/2019\/04\/Capture-d\u2019\u00e9cran-2019-04-14-\u00e0-10.55.53.png\" download >\ufeffT\u00e9l\u00e9charger <\/a><\/p><\/div>\n<\/div>\n","protected":false},"excerpt":{"rendered":"<p>Bonjour Voici une info pratique pour compl\u00e9ter vos d\u00e9clarations de revenus. La cotisation est d\u00e9ductible \u00e0 100% si vous optez pour les frais r\u00e9els , aucun justificatif est n\u00e9cessaire lors de la d\u00e9claration. N&rsquo;h\u00e9sitez pas \u00e0 nous contacter !<\/p>\n","protected":false},"author":2,"featured_media":614,"comment_status":"closed","ping_status":"closed","sticky":false,"template":"","format":"standard","meta":{"_EventAllDay":false,"_EventTimezone":"","_EventStartDate":"","_EventEndDate":"","_EventStartDateUTC":"","_EventEndDateUTC":"","_EventShowMap":false,"_EventShowMapLink":false,"_EventURL":"","_EventCost":"","_EventCostDescription":"","_EventCurrencySymbol":"","_EventCurrencyPosition":"","_EventDateTimeSeparator":"","_EventTimeRangeSeparator":"","_EventOrganizerID":[],"_EventVenueID":0,"_OrganizerEmail":"","_OrganizerPhone":"","_OrganizerWebsite":"","_VenueAddress":"","_VenueCity":"","_VenueCountry":"","_VenueProvince":"","_VenueZip":"","_VenuePhone":"","_VenueURL":"","_VenueStateProvince":"","_VenueLat":"","_VenueLng":""},"categories":[1],"tags":[],"_links":{"self":[{"href":"https:\/\/sud-sdis62.fr\/index.php\/wp-json\/wp\/v2\/posts\/613"}],"collection":[{"href":"https:\/\/sud-sdis62.fr\/index.php\/wp-json\/wp\/v2\/posts"}],"about":[{"href":"https:\/\/sud-sdis62.fr\/index.php\/wp-json\/wp\/v2\/types\/post"}],"author":[{"embeddable":true,"href":"https:\/\/sud-sdis62.fr\/index.php\/wp-json\/wp\/v2\/users\/2"}],"replies":[{"embeddable":true,"href":"https:\/\/sud-sdis62.fr\/index.php\/wp-json\/wp\/v2\/comments?post=613"}],"version-history":[{"count":2,"href":"https:\/\/sud-sdis62.fr\/index.php\/wp-json\/wp\/v2\/posts\/613\/revisions"}],"predecessor-version":[{"id":616,"href":"https:\/\/sud-sdis62.fr\/index.php\/wp-json\/wp\/v2\/posts\/613\/revisions\/616"}],"wp:featuredmedia":[{"embeddable":true,"href":"https:\/\/sud-sdis62.fr\/index.php\/wp-json\/wp\/v2\/media\/614"}],"wp:attachment":[{"href":"https:\/\/sud-sdis62.fr\/index.php\/wp-json\/wp\/v2\/media?parent=613"}],"wp:term":[{"taxonomy":"category","embeddable":true,"href":"https:\/\/sud-sdis62.fr\/index.php\/wp-json\/wp\/v2\/categories?post=613"},{"taxonomy":"post_tag","embeddable":true,"href":"https:\/\/sud-sdis62.fr\/index.php\/wp-json\/wp\/v2\/tags?post=613"}],"curies":[{"name":"wp","href":"https:\/\/api.w.org\/{rel}","templated":true}]}}