{"id":2321,"date":"2026-05-01T10:20:48","date_gmt":"2026-05-01T08:20:48","guid":{"rendered":"https:\/\/sud-sdis62.fr\/?p=2321"},"modified":"2026-05-03T10:22:13","modified_gmt":"2026-05-03T08:22:13","slug":"1er-mai","status":"publish","type":"post","link":"https:\/\/sud-sdis62.fr\/index.php\/2026\/05\/01\/1er-mai\/","title":{"rendered":"1er MAI"},"content":{"rendered":"<div class=\"xdj266r x14z9mp xat24cr x1lziwak x1vvkbs x126k92a\">\n<div dir=\"auto\">Bonne f\u00eate du 1er Mai \u00e0 l&rsquo;ensemble des agents de garde,<\/div>\n<\/div>\n<div class=\"x14z9mp xat24cr x1lziwak x1vvkbs xtlvy1s x126k92a\">\n<div dir=\"auto\"><\/div>\n<div dir=\"auto\">Mais c&rsquo;est quoi le 1er Mai ?<\/div>\n<div dir=\"auto\"><\/div>\n<\/div>\n<div class=\"x14z9mp xat24cr x1lziwak x1vvkbs xtlvy1s x126k92a\">\n<div dir=\"auto\">Le 1er mai est une journ\u00e9e c\u00e9l\u00e9br\u00e9e principalement comme la F\u00eate du Travail, marquant la lutte des travailleurs pour des conditions de travail meilleures. Historiquement, elle a \u00e9t\u00e9 instaur\u00e9e pour revendiquer la journ\u00e9e de huit heures, un \u00e9v\u00e9nement significatif qui a commenc\u00e9 en 1886 aux \u00c9tats-Unis. En France, Le 1er mai devient officiellement la \u00ab\u00a0F\u00eate du Travail et de la Concorde sociale\u00a0\u00bb en 1941 mais ce n&rsquo;est qu&rsquo;en 1947, que cette journ\u00e9e devient f\u00e9ri\u00e9, ch\u00f4m\u00e9 et pay\u00e9&#8230;<\/div>\n<div dir=\"auto\"><\/div>\n<\/div>\n<div class=\"x14z9mp xat24cr x1lziwak x1vvkbs xtlvy1s x126k92a\">\n<div dir=\"auto\">Bien \u00e9videmment pour vous journ\u00e9e identique \u00e0 celle des autres <span class=\"html-span xexx8yu xyri2b x18d9i69 x1c1uobl x1hl2dhg x16tdsg8 x1vvkbs x3nfvp2 x1j61x8r x1fcty0u xdj266r xat24cr xm2jcoa x1mpyi22 xxymvpz xlup9mm x1kky2od\"><img loading=\"lazy\" class=\"xz74otr x15mokao x1ga7v0g x16uus16 xbiv7yw\" src=\"https:\/\/static.xx.fbcdn.net\/images\/emoji.php\/v9\/tf6\/2\/16\/1f609.png\" alt=\"\ud83d\ude09\" width=\"16\" height=\"16\" \/><\/span><\/div>\n<div dir=\"auto\"><\/div>\n<\/div>\n<div class=\"x14z9mp xat24cr x1lziwak x1vvkbs xtlvy1s x126k92a\">\n<div dir=\"auto\">&#8211; Aucune compensation \u2026<\/div>\n<div dir=\"auto\">&#8211; Aucune r\u00e9cup\u00e9ration \u2026<\/div>\n<\/div>\n<div class=\"x14z9mp xat24cr x1lziwak x1vvkbs xtlvy1s x126k92a\">\n<div dir=\"auto\">Allez, bon courage a toutes et tous.<\/div>\n<div dir=\"auto\"><\/div>\n<\/div>\n<div class=\"x14z9mp xat24cr x1lziwak x1vvkbs xtlvy1s x126k92a\">\n<div dir=\"auto\">Et n&rsquo;oubliez pas : l&rsquo;avantage de ne pas avoir de prime, c&rsquo;est que \u00e7a ne change rien \u00e0 vos imp\u00f4ts ! <span class=\"html-span xexx8yu xyri2b x18d9i69 x1c1uobl x1hl2dhg x16tdsg8 x1vvkbs x3nfvp2 x1j61x8r x1fcty0u xdj266r xat24cr xm2jcoa x1mpyi22 xxymvpz xlup9mm x1kky2od\"><img loading=\"lazy\" class=\"xz74otr x15mokao x1ga7v0g x16uus16 xbiv7yw\" src=\"https:\/\/static.xx.fbcdn.net\/images\/emoji.php\/v9\/t6\/2\/16\/1f692.png\" alt=\"\ud83d\ude92\" width=\"16\" height=\"16\" \/><\/span><\/div>\n<div dir=\"auto\"><img loading=\"lazy\" class=\"alignnone size-full wp-image-2322\" src=\"http:\/\/sud-sdis62.fr\/wp-content\/uploads\/2026\/05\/1-mai.jpg\" alt=\"\" width=\"1402\" height=\"1122\" srcset=\"https:\/\/sud-sdis62.fr\/wp-content\/uploads\/2026\/05\/1-mai.jpg 1402w, https:\/\/sud-sdis62.fr\/wp-content\/uploads\/2026\/05\/1-mai-300x240.jpg 300w, https:\/\/sud-sdis62.fr\/wp-content\/uploads\/2026\/05\/1-mai-1024x819.jpg 1024w, https:\/\/sud-sdis62.fr\/wp-content\/uploads\/2026\/05\/1-mai-768x615.jpg 768w, https:\/\/sud-sdis62.fr\/wp-content\/uploads\/2026\/05\/1-mai-640x512.jpg 640w\" sizes=\"(max-width: 1402px) 100vw, 1402px\" \/><\/div>\n<\/div>\n","protected":false},"excerpt":{"rendered":"<p>Bonne f\u00eate du 1er Mai \u00e0 l&rsquo;ensemble des agents de garde, Mais c&rsquo;est quoi le 1er Mai ? Le 1er mai est une journ\u00e9e c\u00e9l\u00e9br\u00e9e principalement comme la F\u00eate du Travail, marquant la lutte des travailleurs pour des conditions de travail meilleures. Historiquement, elle a \u00e9t\u00e9 instaur\u00e9e pour revendiquer la journ\u00e9e de huit heures, un &hellip;<\/p>\n","protected":false},"author":2,"featured_media":2322,"comment_status":"closed","ping_status":"closed","sticky":false,"template":"","format":"standard","meta":{"_EventAllDay":false,"_EventTimezone":"","_EventStartDate":"","_EventEndDate":"","_EventStartDateUTC":"","_EventEndDateUTC":"","_EventShowMap":false,"_EventShowMapLink":false,"_EventURL":"","_EventCost":"","_EventCostDescription":"","_EventCurrencySymbol":"","_EventCurrencyPosition":"","_EventDateTimeSeparator":"","_EventTimeRangeSeparator":"","_EventOrganizerID":[],"_EventVenueID":0,"_OrganizerEmail":"","_OrganizerPhone":"","_OrganizerWebsite":"","_VenueAddress":"","_VenueCity":"","_VenueCountry":"","_VenueProvince":"","_VenueZip":"","_VenuePhone":"","_VenueURL":"","_VenueStateProvince":"","_VenueLat":"","_VenueLng":""},"categories":[1],"tags":[],"_links":{"self":[{"href":"https:\/\/sud-sdis62.fr\/index.php\/wp-json\/wp\/v2\/posts\/2321"}],"collection":[{"href":"https:\/\/sud-sdis62.fr\/index.php\/wp-json\/wp\/v2\/posts"}],"about":[{"href":"https:\/\/sud-sdis62.fr\/index.php\/wp-json\/wp\/v2\/types\/post"}],"author":[{"embeddable":true,"href":"https:\/\/sud-sdis62.fr\/index.php\/wp-json\/wp\/v2\/users\/2"}],"replies":[{"embeddable":true,"href":"https:\/\/sud-sdis62.fr\/index.php\/wp-json\/wp\/v2\/comments?post=2321"}],"version-history":[{"count":1,"href":"https:\/\/sud-sdis62.fr\/index.php\/wp-json\/wp\/v2\/posts\/2321\/revisions"}],"predecessor-version":[{"id":2323,"href":"https:\/\/sud-sdis62.fr\/index.php\/wp-json\/wp\/v2\/posts\/2321\/revisions\/2323"}],"wp:featuredmedia":[{"embeddable":true,"href":"https:\/\/sud-sdis62.fr\/index.php\/wp-json\/wp\/v2\/media\/2322"}],"wp:attachment":[{"href":"https:\/\/sud-sdis62.fr\/index.php\/wp-json\/wp\/v2\/media?parent=2321"}],"wp:term":[{"taxonomy":"category","embeddable":true,"href":"https:\/\/sud-sdis62.fr\/index.php\/wp-json\/wp\/v2\/categories?post=2321"},{"taxonomy":"post_tag","embeddable":true,"href":"https:\/\/sud-sdis62.fr\/index.php\/wp-json\/wp\/v2\/tags?post=2321"}],"curies":[{"name":"wp","href":"https:\/\/api.w.org\/{rel}","templated":true}]}}