{"id":2316,"date":"2026-05-03T10:17:42","date_gmt":"2026-05-03T08:17:42","guid":{"rendered":"https:\/\/sud-sdis62.fr\/?p=2316"},"modified":"2026-05-03T10:19:41","modified_gmt":"2026-05-03T08:19:41","slug":"elections-catsis-2026-sud-sdis-62-a-vos-cotes","status":"publish","type":"post","link":"https:\/\/sud-sdis62.fr\/index.php\/2026\/05\/03\/elections-catsis-2026-sud-sdis-62-a-vos-cotes\/","title":{"rendered":"\u00c9lections CATSIS 2026 : SUD SDIS 62 \u00e0 vos c\u00f4t\u00e9s !"},"content":{"rendered":"<div class=\"xdj266r x14z9mp xat24cr x1lziwak x1vvkbs x126k92a\">\n<div dir=\"auto\">Bonjour \u00e0 toutes et \u00e0 tous,<\/div>\n<div dir=\"auto\"><\/div>\n<\/div>\n<div class=\"x14z9mp xat24cr x1lziwak x1vvkbs xtlvy1s x126k92a\">\n<div dir=\"auto\">\u200bC\u2019est avec une fiert\u00e9 et une d\u00e9termination intacte que nous vous annon\u00e7ons la validation officielle de notre liste SUD SDIS 62 pour les \u00e9lections de la CATSIS (Commission Administrative et Technique des Services d&rsquo;Incendie et de Secours) qui se tiendront en juin 2026.<\/div>\n<div dir=\"auto\"><\/div>\n<\/div>\n<div class=\"x14z9mp xat24cr x1lziwak x1vvkbs xtlvy1s x126k92a\">\n<div dir=\"auto\">\u200bLa CATSIS est un organe strat\u00e9gique : c\u2019est pourquoi il faut des \u00e9lus qui connaissent le terrain <span class=\"html-span xexx8yu xyri2b x18d9i69 x1c1uobl x1hl2dhg x16tdsg8 x1vvkbs x3nfvp2 x1j61x8r x1fcty0u xdj266r xat24cr xm2jcoa x1mpyi22 xxymvpz xlup9mm x1kky2od\"><img loading=\"lazy\" class=\"xz74otr x15mokao x1ga7v0g x16uus16 xbiv7yw\" src=\"https:\/\/static.xx.fbcdn.net\/images\/emoji.php\/v9\/tf6\/2\/16\/1f609.png\" alt=\"\ud83d\ude09\" width=\"16\" height=\"16\" \/><\/span><\/div>\n<\/div>\n<div class=\"x14z9mp xat24cr x1lziwak x1vvkbs xtlvy1s x126k92a\">\n<div dir=\"auto\">\u200b<span class=\"html-span xexx8yu xyri2b x18d9i69 x1c1uobl x1hl2dhg x16tdsg8 x1vvkbs x3nfvp2 x1j61x8r x1fcty0u xdj266r xat24cr xm2jcoa x1mpyi22 xxymvpz xlup9mm x1kky2od\"><img loading=\"lazy\" class=\"xz74otr x15mokao x1ga7v0g x16uus16 xbiv7yw\" src=\"https:\/\/static.xx.fbcdn.net\/images\/emoji.php\/v9\/t2a\/2\/16\/1f465.png\" alt=\"\ud83d\udc65\" width=\"16\" height=\"16\" \/><\/span> Une liste qui vous ressemble:<\/div>\n<div dir=\"auto\"><\/div>\n<\/div>\n<div class=\"x14z9mp xat24cr x1lziwak x1vvkbs xtlvy1s x126k92a\">\n<div dir=\"auto\">\u200bSUD a fait le choix d\u2019aligner des candidats dans toutes les cat\u00e9gories, issus de divers centres (H\u00e9nin, Lens, Aire, Marck, Boulogne, Calais, St Omer) et services supports :<\/div>\n<div dir=\"auto\"><\/div>\n<\/div>\n<div class=\"x14z9mp xat24cr x1lziwak x1vvkbs xtlvy1s x126k92a\">\n<div dir=\"auto\"><span class=\"html-span xexx8yu xyri2b x18d9i69 x1c1uobl x1hl2dhg x16tdsg8 x1vvkbs x3nfvp2 x1j61x8r x1fcty0u xdj266r xat24cr xm2jcoa x1mpyi22 xxymvpz xlup9mm x1kky2od\"><img loading=\"lazy\" class=\"xz74otr x15mokao x1ga7v0g x16uus16 xbiv7yw\" src=\"https:\/\/static.xx.fbcdn.net\/images\/emoji.php\/v9\/t1f\/2\/16\/27a1.png\" alt=\"\u27a1\ufe0f\" width=\"16\" height=\"16\" \/><\/span>\u200bSPP Non-Officiers : Port\u00e9s par l&rsquo;exp\u00e9rience de terrain de:<\/div>\n<div dir=\"auto\"><\/div>\n<div dir=\"auto\">&#8211; Maxime SAUVAGE,<\/div>\n<div dir=\"auto\">&#8211; S\u00e9bastien DELVAL,<\/div>\n<div dir=\"auto\">&#8211; Ga\u00eblle DECROIX,<\/div>\n<div dir=\"auto\">&#8211; Guillaume LECYGNE,<\/div>\n<div dir=\"auto\">&#8211; Jean-Charles TIRMARCHE<\/div>\n<div dir=\"auto\">&#8211; J\u00e9r\u00e9my AGEZ<\/div>\n<div dir=\"auto\"><\/div>\n<\/div>\n<div class=\"x14z9mp xat24cr x1lziwak x1vvkbs xtlvy1s x126k92a\">\n<div dir=\"auto\"><span class=\"html-span xexx8yu xyri2b x18d9i69 x1c1uobl x1hl2dhg x16tdsg8 x1vvkbs x3nfvp2 x1j61x8r x1fcty0u xdj266r xat24cr xm2jcoa x1mpyi22 xxymvpz xlup9mm x1kky2od\"><img loading=\"lazy\" class=\"xz74otr x15mokao x1ga7v0g x16uus16 xbiv7yw\" src=\"https:\/\/static.xx.fbcdn.net\/images\/emoji.php\/v9\/t1f\/2\/16\/27a1.png\" alt=\"\u27a1\ufe0f\" width=\"16\" height=\"16\" \/><\/span>\u200bSPP Officiers : Repr\u00e9sent\u00e9s par<\/div>\n<div dir=\"auto\"><\/div>\n<\/div>\n<div class=\"x14z9mp xat24cr x1lziwak x1vvkbs xtlvy1s x126k92a\">\n<div dir=\"auto\">&#8211; Aur\u00e9lien QUEHEN,<\/div>\n<div dir=\"auto\">&#8211; Herv\u00e9 DOUILLY,<\/div>\n<div dir=\"auto\">&#8211; Georges NORMAND<\/div>\n<div dir=\"auto\">&#8211; Sylvain MERLIER.<\/div>\n<div dir=\"auto\"><\/div>\n<\/div>\n<div class=\"x14z9mp xat24cr x1lziwak x1vvkbs xtlvy1s x126k92a\">\n<div dir=\"auto\"><span class=\"html-span xexx8yu xyri2b x18d9i69 x1c1uobl x1hl2dhg x16tdsg8 x1vvkbs x3nfvp2 x1j61x8r x1fcty0u xdj266r xat24cr xm2jcoa x1mpyi22 xxymvpz xlup9mm x1kky2od\"><img loading=\"lazy\" class=\"xz74otr x15mokao x1ga7v0g x16uus16 xbiv7yw\" src=\"https:\/\/static.xx.fbcdn.net\/images\/emoji.php\/v9\/t1f\/2\/16\/27a1.png\" alt=\"\u27a1\ufe0f\" width=\"16\" height=\"16\" \/><\/span>\u200bPATS : Parce que le SDIS ne fonctionne pas sans ses personnels administratifs et techniques avec :<\/div>\n<div dir=\"auto\"><\/div>\n<\/div>\n<div class=\"x14z9mp xat24cr x1lziwak x1vvkbs xtlvy1s x126k92a\">\n<div dir=\"auto\">&#8211; Nathalie BETREMIEUX,<\/div>\n<div dir=\"auto\">&#8211; Florian SAUVAGE BULTEAU,<\/div>\n<div dir=\"auto\">&#8211; St\u00e9phanie GODDERIGDE<\/div>\n<div dir=\"auto\">&#8211; Christophe FONTAINE.<\/div>\n<div dir=\"auto\"><\/div>\n<\/div>\n<div class=\"x14z9mp xat24cr x1lziwak x1vvkbs xtlvy1s x126k92a\">\n<div dir=\"auto\">\u200b<span class=\"html-span xexx8yu xyri2b x18d9i69 x1c1uobl x1hl2dhg x16tdsg8 x1vvkbs x3nfvp2 x1j61x8r x1fcty0u xdj266r xat24cr xm2jcoa x1mpyi22 xxymvpz xlup9mm x1kky2od\"><img loading=\"lazy\" class=\"xz74otr x15mokao x1ga7v0g x16uus16 xbiv7yw\" src=\"https:\/\/static.xx.fbcdn.net\/images\/emoji.php\/v9\/te0\/2\/16\/270a.png\" alt=\"\u270a\" width=\"16\" height=\"16\" \/><\/span> Pourquoi voter SUD ?<\/div>\n<div dir=\"auto\"><\/div>\n<\/div>\n<div class=\"x14z9mp xat24cr x1lziwak x1vvkbs xtlvy1s x126k92a\">\n<div dir=\"auto\">\u200bVoter pour cette liste, c\u2019est choisir un syndicalisme ind\u00e9pendant, coh\u00e9rent et proche de vous et du terrain. Nous ne sommes pas l\u00e0 pour les promesses de bureau, mais pour d\u00e9fendre chaque m\u00e9tier, chaque voix et chaque r\u00e9alit\u00e9 op\u00e9rationnelle !<\/div>\n<div dir=\"auto\"><\/div>\n<\/div>\n<div class=\"x14z9mp xat24cr x1lziwak x1vvkbs xtlvy1s x126k92a\">\n<div dir=\"auto\">Nous tenons \u00e0 remercier nos adh\u00e9rents et sympathisants qui, depuis des ann\u00e9es, nous ont fait confiance et nous ont donn\u00e9 la possibilit\u00e9 d&rsquo;avoir autant de poids. Votre \u00e9nergie est notre force pour construire un service public de secours juste et respectueux de ses agents.<\/div>\n<div dir=\"auto\"><\/div>\n<div dir=\"auto\">En juin, ne laissez pas les autres d\u00e9cider de votre repr\u00e9sentativit\u00e9, de vos valeurs et de vos convictions.<\/div>\n<div dir=\"auto\"><\/div>\n<\/div>\n<div class=\"x14z9mp xat24cr x1lziwak x1vvkbs xtlvy1s x126k92a\">\n<div dir=\"auto\">VOTER SUD, c&rsquo;est faire entendre VOTRE voix !<\/div>\n<div dir=\"auto\"><\/div>\n<div dir=\"auto\">Un syndicat de terrain, quoi de mieux pour parler de vous et pour vous <span class=\"html-span xexx8yu xyri2b x18d9i69 x1c1uobl x1hl2dhg x16tdsg8 x1vvkbs x3nfvp2 x1j61x8r x1fcty0u xdj266r xat24cr xm2jcoa x1mpyi22 xxymvpz xlup9mm x1kky2od\"><img loading=\"lazy\" class=\"xz74otr x15mokao x1ga7v0g x16uus16 xbiv7yw\" src=\"https:\/\/static.xx.fbcdn.net\/images\/emoji.php\/v9\/tf6\/2\/16\/1f609.png\" alt=\"\ud83d\ude09\" width=\"16\" height=\"16\" \/><\/span><span class=\"html-span xexx8yu xyri2b x18d9i69 x1c1uobl x1hl2dhg x16tdsg8 x1vvkbs x3nfvp2 x1j61x8r x1fcty0u xdj266r xat24cr xm2jcoa x1mpyi22 xxymvpz xlup9mm x1kky2od\"><img loading=\"lazy\" class=\"xz74otr x15mokao x1ga7v0g x16uus16 xbiv7yw\" src=\"https:\/\/static.xx.fbcdn.net\/images\/emoji.php\/v9\/t3\/2\/16\/1f91d.png\" alt=\"\ud83e\udd1d\" width=\"16\" height=\"16\" \/><\/span><\/div>\n<div dir=\"auto\"><\/div>\n<\/div>\n<div dir=\"auto\"><a href=\"http:\/\/sud-sdis62.fr\/wp-content\/uploads\/2026\/05\/catsis.jpg\"><img loading=\"lazy\" class=\"alignnone size-full wp-image-2317\" src=\"http:\/\/sud-sdis62.fr\/wp-content\/uploads\/2026\/05\/catsis.jpg\" alt=\"\" width=\"1079\" height=\"1624\" srcset=\"https:\/\/sud-sdis62.fr\/wp-content\/uploads\/2026\/05\/catsis.jpg 1079w, https:\/\/sud-sdis62.fr\/wp-content\/uploads\/2026\/05\/catsis-199x300.jpg 199w, https:\/\/sud-sdis62.fr\/wp-content\/uploads\/2026\/05\/catsis-680x1024.jpg 680w, https:\/\/sud-sdis62.fr\/wp-content\/uploads\/2026\/05\/catsis-768x1156.jpg 768w, https:\/\/sud-sdis62.fr\/wp-content\/uploads\/2026\/05\/catsis-1021x1536.jpg 1021w, https:\/\/sud-sdis62.fr\/wp-content\/uploads\/2026\/05\/catsis-640x963.jpg 640w\" sizes=\"(max-width: 1079px) 100vw, 1079px\" \/><\/a><\/div>\n","protected":false},"excerpt":{"rendered":"<p>Bonjour \u00e0 toutes et \u00e0 tous, \u200bC\u2019est avec une fiert\u00e9 et une d\u00e9termination intacte que nous vous annon\u00e7ons la validation officielle de notre liste SUD SDIS 62 pour les \u00e9lections de la CATSIS (Commission Administrative et Technique des Services d&rsquo;Incendie et de Secours) qui se tiendront en juin 2026. \u200bLa CATSIS est un organe strat\u00e9gique &hellip;<\/p>\n","protected":false},"author":2,"featured_media":2317,"comment_status":"closed","ping_status":"closed","sticky":false,"template":"","format":"standard","meta":{"_EventAllDay":false,"_EventTimezone":"","_EventStartDate":"","_EventEndDate":"","_EventStartDateUTC":"","_EventEndDateUTC":"","_EventShowMap":false,"_EventShowMapLink":false,"_EventURL":"","_EventCost":"","_EventCostDescription":"","_EventCurrencySymbol":"","_EventCurrencyPosition":"","_EventDateTimeSeparator":"","_EventTimeRangeSeparator":"","_EventOrganizerID":[],"_EventVenueID":0,"_OrganizerEmail":"","_OrganizerPhone":"","_OrganizerWebsite":"","_VenueAddress":"","_VenueCity":"","_VenueCountry":"","_VenueProvince":"","_VenueZip":"","_VenuePhone":"","_VenueURL":"","_VenueStateProvince":"","_VenueLat":"","_VenueLng":""},"categories":[1],"tags":[],"_links":{"self":[{"href":"https:\/\/sud-sdis62.fr\/index.php\/wp-json\/wp\/v2\/posts\/2316"}],"collection":[{"href":"https:\/\/sud-sdis62.fr\/index.php\/wp-json\/wp\/v2\/posts"}],"about":[{"href":"https:\/\/sud-sdis62.fr\/index.php\/wp-json\/wp\/v2\/types\/post"}],"author":[{"embeddable":true,"href":"https:\/\/sud-sdis62.fr\/index.php\/wp-json\/wp\/v2\/users\/2"}],"replies":[{"embeddable":true,"href":"https:\/\/sud-sdis62.fr\/index.php\/wp-json\/wp\/v2\/comments?post=2316"}],"version-history":[{"count":3,"href":"https:\/\/sud-sdis62.fr\/index.php\/wp-json\/wp\/v2\/posts\/2316\/revisions"}],"predecessor-version":[{"id":2320,"href":"https:\/\/sud-sdis62.fr\/index.php\/wp-json\/wp\/v2\/posts\/2316\/revisions\/2320"}],"wp:featuredmedia":[{"embeddable":true,"href":"https:\/\/sud-sdis62.fr\/index.php\/wp-json\/wp\/v2\/media\/2317"}],"wp:attachment":[{"href":"https:\/\/sud-sdis62.fr\/index.php\/wp-json\/wp\/v2\/media?parent=2316"}],"wp:term":[{"taxonomy":"category","embeddable":true,"href":"https:\/\/sud-sdis62.fr\/index.php\/wp-json\/wp\/v2\/categories?post=2316"},{"taxonomy":"post_tag","embeddable":true,"href":"https:\/\/sud-sdis62.fr\/index.php\/wp-json\/wp\/v2\/tags?post=2316"}],"curies":[{"name":"wp","href":"https:\/\/api.w.org\/{rel}","templated":true}]}}