{"id":2289,"date":"2026-03-02T16:26:03","date_gmt":"2026-03-02T15:26:03","guid":{"rendered":"https:\/\/sud-sdis62.fr\/?p=2289"},"modified":"2026-03-16T16:31:18","modified_gmt":"2026-03-16T15:31:18","slug":"urgences","status":"publish","type":"post","link":"https:\/\/sud-sdis62.fr\/index.php\/2026\/03\/02\/urgences\/","title":{"rendered":"URGENCES"},"content":{"rendered":"<div class=\"xdj266r x14z9mp xat24cr x1lziwak x1vvkbs x126k92a\">\n<div dir=\"auto\">Ca se passe en ce moment :<\/div>\n<div dir=\"auto\"><\/div>\n<\/div>\n<div dir=\"auto\"><\/div>\n<div class=\"x14z9mp xat24cr x1lziwak x1vvkbs xtlvy1s x126k92a\">\n<div dir=\"auto\">Depuis plusieurs mois, SUD SDIS 62 alerte sur les d\u00e9lais d\u2019attente interminables dans les centres hospitaliers, comme rappel\u00e9 dans notre communication de d\u00e9cembre 2024.<\/div>\n<div dir=\"auto\"><\/div>\n<div dir=\"auto\"><\/div>\n<div dir=\"auto\">Nous apportons aujourd\u2019hui tout notre soutien \u00e0 nos coll\u00e8gues des urgences du CH de Lens qui entame une mobilisation a compter de 8h !<\/div>\n<div dir=\"auto\"><\/div>\n<div dir=\"auto\"><\/div>\n<\/div>\n<div class=\"x14z9mp xat24cr x1lziwak x1vvkbs xtlvy1s x126k92a\">\n<div dir=\"auto\">Lens n\u2019est malheureusement pas un cas isol\u00e9 : c\u2019est l\u2019ensemble des \u00e9tablissements hospitaliers qui est touch\u00e9. C\u2019est tout le syst\u00e8me de sant\u00e9 qui souffre.<\/div>\n<div dir=\"auto\"><\/div>\n<div dir=\"auto\"><\/div>\n<\/div>\n<div class=\"x14z9mp xat24cr x1lziwak x1vvkbs xtlvy1s x126k92a\">\n<div dir=\"auto\">Au\u2011del\u00e0 des revendications port\u00e9es pour r\u00e9pondre \u00e0 la r\u00e9alit\u00e9 du terrain, il devient indispensable de repenser le transport sanitaire et son utilit\u00e9 r\u00e9elle.<\/div>\n<\/div>\n<div dir=\"auto\"><\/div>\n<div class=\"x14z9mp xat24cr x1lziwak x1vvkbs xtlvy1s x126k92a\">\n<div dir=\"auto\">Les urgences sont engorg\u00e9es pour des situations qui n\u2019en rel\u00e8vent pas. Un appel, un d\u00e9part, un transport syst\u00e9matique : cela doit cesser.<\/div>\n<div dir=\"auto\"><\/div>\n<\/div>\n<div class=\"x14z9mp xat24cr x1lziwak x1vvkbs xtlvy1s x126k92a\">\n<div dir=\"auto\">Il est temps de r\u00e9guler correctement les appels et que chacun assume ses responsabilit\u00e9s.<\/div>\n<div dir=\"auto\"><\/div>\n<div dir=\"auto\"><\/div>\n<\/div>\n<div class=\"x14z9mp xat24cr x1lziwak x1vvkbs xtlvy1s x126k92a\">\n<div dir=\"auto\">Nous, pompiers <span class=\"html-span xexx8yu xyri2b x18d9i69 x1c1uobl x1hl2dhg x16tdsg8 x1vvkbs x3nfvp2 x1j61x8r x1fcty0u xdj266r xat24cr xm2jcoa x1mpyi22 xxymvpz xlup9mm x1kky2od\"><img loading=\"lazy\" class=\"xz74otr x15mokao x1ga7v0g x16uus16 xbiv7yw\" src=\"https:\/\/static.xx.fbcdn.net\/images\/emoji.php\/v9\/tf6\/2\/16\/1f609.png\" alt=\"\ud83d\ude09\" width=\"16\" height=\"16\" \/><\/span>, qui montons chaque jour dans les VSAV, connaissons trop bien la supercherie de certains transports\u2026 et la tendance ne fait qu\u2019empirer.<\/div>\n<div dir=\"auto\"><\/div>\n<div dir=\"auto\"><\/div>\n<\/div>\n<div class=\"x14z9mp xat24cr x1lziwak x1vvkbs xtlvy1s x126k92a\">\n<div dir=\"auto\">Force et soutien \u00e0 nos coll\u00e8gues en blouse blanche.<\/div>\n<div dir=\"auto\"><\/div>\n<div dir=\"auto\"><img loading=\"lazy\" class=\"alignnone size-full wp-image-2291\" src=\"http:\/\/sud-sdis62.fr\/wp-content\/uploads\/2026\/03\/IMG_6601.jpg\" alt=\"\" width=\"1080\" height=\"1522\" srcset=\"https:\/\/sud-sdis62.fr\/wp-content\/uploads\/2026\/03\/IMG_6601.jpg 1080w, https:\/\/sud-sdis62.fr\/wp-content\/uploads\/2026\/03\/IMG_6601-213x300.jpg 213w, https:\/\/sud-sdis62.fr\/wp-content\/uploads\/2026\/03\/IMG_6601-727x1024.jpg 727w, https:\/\/sud-sdis62.fr\/wp-content\/uploads\/2026\/03\/IMG_6601-768x1082.jpg 768w, https:\/\/sud-sdis62.fr\/wp-content\/uploads\/2026\/03\/IMG_6601-640x902.jpg 640w\" sizes=\"(max-width: 1080px) 100vw, 1080px\" \/><\/div>\n<\/div>\n","protected":false},"excerpt":{"rendered":"<p>Ca se passe en ce moment : Depuis plusieurs mois, SUD SDIS 62 alerte sur les d\u00e9lais d\u2019attente interminables dans les centres hospitaliers, comme rappel\u00e9 dans notre communication de d\u00e9cembre 2024. Nous apportons aujourd\u2019hui tout notre soutien \u00e0 nos coll\u00e8gues des urgences du CH de Lens qui entame une mobilisation a compter de 8h ! &hellip;<\/p>\n","protected":false},"author":2,"featured_media":2293,"comment_status":"closed","ping_status":"closed","sticky":false,"template":"","format":"standard","meta":{"_EventAllDay":false,"_EventTimezone":"","_EventStartDate":"","_EventEndDate":"","_EventStartDateUTC":"","_EventEndDateUTC":"","_EventShowMap":false,"_EventShowMapLink":false,"_EventURL":"","_EventCost":"","_EventCostDescription":"","_EventCurrencySymbol":"","_EventCurrencyPosition":"","_EventDateTimeSeparator":"","_EventTimeRangeSeparator":"","_EventOrganizerID":[],"_EventVenueID":0,"_OrganizerEmail":"","_OrganizerPhone":"","_OrganizerWebsite":"","_VenueAddress":"","_VenueCity":"","_VenueCountry":"","_VenueProvince":"","_VenueZip":"","_VenuePhone":"","_VenueURL":"","_VenueStateProvince":"","_VenueLat":"","_VenueLng":""},"categories":[1],"tags":[],"_links":{"self":[{"href":"https:\/\/sud-sdis62.fr\/index.php\/wp-json\/wp\/v2\/posts\/2289"}],"collection":[{"href":"https:\/\/sud-sdis62.fr\/index.php\/wp-json\/wp\/v2\/posts"}],"about":[{"href":"https:\/\/sud-sdis62.fr\/index.php\/wp-json\/wp\/v2\/types\/post"}],"author":[{"embeddable":true,"href":"https:\/\/sud-sdis62.fr\/index.php\/wp-json\/wp\/v2\/users\/2"}],"replies":[{"embeddable":true,"href":"https:\/\/sud-sdis62.fr\/index.php\/wp-json\/wp\/v2\/comments?post=2289"}],"version-history":[{"count":2,"href":"https:\/\/sud-sdis62.fr\/index.php\/wp-json\/wp\/v2\/posts\/2289\/revisions"}],"predecessor-version":[{"id":2295,"href":"https:\/\/sud-sdis62.fr\/index.php\/wp-json\/wp\/v2\/posts\/2289\/revisions\/2295"}],"wp:featuredmedia":[{"embeddable":true,"href":"https:\/\/sud-sdis62.fr\/index.php\/wp-json\/wp\/v2\/media\/2293"}],"wp:attachment":[{"href":"https:\/\/sud-sdis62.fr\/index.php\/wp-json\/wp\/v2\/media?parent=2289"}],"wp:term":[{"taxonomy":"category","embeddable":true,"href":"https:\/\/sud-sdis62.fr\/index.php\/wp-json\/wp\/v2\/categories?post=2289"},{"taxonomy":"post_tag","embeddable":true,"href":"https:\/\/sud-sdis62.fr\/index.php\/wp-json\/wp\/v2\/tags?post=2289"}],"curies":[{"name":"wp","href":"https:\/\/api.w.org\/{rel}","templated":true}]}}