{"id":2283,"date":"2026-03-16T16:12:24","date_gmt":"2026-03-16T15:12:24","guid":{"rendered":"https:\/\/sud-sdis62.fr\/?p=2283"},"modified":"2026-03-16T16:12:24","modified_gmt":"2026-03-16T15:12:24","slug":"synthexim-suite-et-fin","status":"publish","type":"post","link":"https:\/\/sud-sdis62.fr\/index.php\/2026\/03\/16\/synthexim-suite-et-fin\/","title":{"rendered":"Synthexim suite et fin !"},"content":{"rendered":"<p>Fiers de nos valeurs, le syndicalisme ne s&rsquo;improvise pas !<\/p>\n<p>Briller et faire parler de soi en faisant abstration \u00e0 la morale et \u00e0 l&rsquo;\u00e9thique NON merci !<\/p>\n<p>&nbsp;<\/p>\n<p><img loading=\"lazy\" class=\"alignnone size-full wp-image-2284\" src=\"http:\/\/sud-sdis62.fr\/wp-content\/uploads\/2026\/03\/IMG_6669.jpg\" alt=\"\" width=\"1079\" height=\"1524\" srcset=\"https:\/\/sud-sdis62.fr\/wp-content\/uploads\/2026\/03\/IMG_6669.jpg 1079w, https:\/\/sud-sdis62.fr\/wp-content\/uploads\/2026\/03\/IMG_6669-212x300.jpg 212w, https:\/\/sud-sdis62.fr\/wp-content\/uploads\/2026\/03\/IMG_6669-725x1024.jpg 725w, https:\/\/sud-sdis62.fr\/wp-content\/uploads\/2026\/03\/IMG_6669-768x1085.jpg 768w, https:\/\/sud-sdis62.fr\/wp-content\/uploads\/2026\/03\/IMG_6669-640x904.jpg 640w\" sizes=\"(max-width: 1079px) 100vw, 1079px\" \/><\/p>\n","protected":false},"excerpt":{"rendered":"<p>Fiers de nos valeurs, le syndicalisme ne s&rsquo;improvise pas ! Briller et faire parler de soi en faisant abstration \u00e0 la morale et \u00e0 l&rsquo;\u00e9thique NON merci ! &nbsp;<\/p>\n","protected":false},"author":2,"featured_media":2231,"comment_status":"closed","ping_status":"closed","sticky":false,"template":"","format":"standard","meta":{"_EventAllDay":false,"_EventTimezone":"","_EventStartDate":"","_EventEndDate":"","_EventStartDateUTC":"","_EventEndDateUTC":"","_EventShowMap":false,"_EventShowMapLink":false,"_EventURL":"","_EventCost":"","_EventCostDescription":"","_EventCurrencySymbol":"","_EventCurrencyPosition":"","_EventDateTimeSeparator":"","_EventTimeRangeSeparator":"","_EventOrganizerID":[],"_EventVenueID":0,"_OrganizerEmail":"","_OrganizerPhone":"","_OrganizerWebsite":"","_VenueAddress":"","_VenueCity":"","_VenueCountry":"","_VenueProvince":"","_VenueZip":"","_VenuePhone":"","_VenueURL":"","_VenueStateProvince":"","_VenueLat":"","_VenueLng":""},"categories":[1],"tags":[],"_links":{"self":[{"href":"https:\/\/sud-sdis62.fr\/index.php\/wp-json\/wp\/v2\/posts\/2283"}],"collection":[{"href":"https:\/\/sud-sdis62.fr\/index.php\/wp-json\/wp\/v2\/posts"}],"about":[{"href":"https:\/\/sud-sdis62.fr\/index.php\/wp-json\/wp\/v2\/types\/post"}],"author":[{"embeddable":true,"href":"https:\/\/sud-sdis62.fr\/index.php\/wp-json\/wp\/v2\/users\/2"}],"replies":[{"embeddable":true,"href":"https:\/\/sud-sdis62.fr\/index.php\/wp-json\/wp\/v2\/comments?post=2283"}],"version-history":[{"count":1,"href":"https:\/\/sud-sdis62.fr\/index.php\/wp-json\/wp\/v2\/posts\/2283\/revisions"}],"predecessor-version":[{"id":2285,"href":"https:\/\/sud-sdis62.fr\/index.php\/wp-json\/wp\/v2\/posts\/2283\/revisions\/2285"}],"wp:featuredmedia":[{"embeddable":true,"href":"https:\/\/sud-sdis62.fr\/index.php\/wp-json\/wp\/v2\/media\/2231"}],"wp:attachment":[{"href":"https:\/\/sud-sdis62.fr\/index.php\/wp-json\/wp\/v2\/media?parent=2283"}],"wp:term":[{"taxonomy":"category","embeddable":true,"href":"https:\/\/sud-sdis62.fr\/index.php\/wp-json\/wp\/v2\/categories?post=2283"},{"taxonomy":"post_tag","embeddable":true,"href":"https:\/\/sud-sdis62.fr\/index.php\/wp-json\/wp\/v2\/tags?post=2283"}],"curies":[{"name":"wp","href":"https:\/\/api.w.org\/{rel}","templated":true}]}}