{"id":2206,"date":"2025-08-12T11:18:53","date_gmt":"2025-08-12T09:18:53","guid":{"rendered":"http:\/\/sud-sdis62.fr\/?p=2206"},"modified":"2025-08-12T11:22:35","modified_gmt":"2025-08-12T09:22:35","slug":"communique-unanime-de-100-des-organisations-syndicales-des-sis","status":"publish","type":"post","link":"https:\/\/sud-sdis62.fr\/index.php\/2025\/08\/12\/communique-unanime-de-100-des-organisations-syndicales-des-sis\/","title":{"rendered":"Communiqu\u00e9 unanime de 100% des organisations syndicales des SIS"},"content":{"rendered":"<div class=\"xdj266r x14z9mp xat24cr x1lziwak x1vvkbs x126k92a\">\n<div dir=\"auto\"><span class=\"html-span xexx8yu xyri2b x18d9i69 x1c1uobl x1hl2dhg x16tdsg8 x1vvkbs x3nfvp2 x1j61x8r x1fcty0u xdj266r xat24cr xm2jcoa x1mpyi22 xxymvpz xlup9mm x1kky2od\"><img loading=\"lazy\" class=\"xz74otr x15mokao x1ga7v0g x16uus16 xbiv7yw\" src=\"https:\/\/static.xx.fbcdn.net\/images\/emoji.php\/v9\/t9a\/2\/16\/1f5e3.png\" alt=\"\ud83d\udde3\" width=\"16\" height=\"16\" \/><\/span><span class=\"html-span xexx8yu xyri2b x18d9i69 x1c1uobl x1hl2dhg x16tdsg8 x1vvkbs x3nfvp2 x1j61x8r x1fcty0u xdj266r xat24cr xm2jcoa x1mpyi22 xxymvpz xlup9mm x1kky2od\"><img loading=\"lazy\" class=\"xz74otr x15mokao x1ga7v0g x16uus16 xbiv7yw\" src=\"https:\/\/static.xx.fbcdn.net\/images\/emoji.php\/v9\/t9f\/2\/16\/1f7e6.png\" alt=\"\ud83d\udfe6\" width=\"16\" height=\"16\" \/><\/span><span class=\"html-span xexx8yu xyri2b x18d9i69 x1c1uobl x1hl2dhg x16tdsg8 x1vvkbs x3nfvp2 x1j61x8r x1fcty0u xdj266r xat24cr xm2jcoa x1mpyi22 xxymvpz xlup9mm x1kky2od\"><img loading=\"lazy\" class=\"xz74otr x15mokao x1ga7v0g x16uus16 xbiv7yw\" src=\"https:\/\/static.xx.fbcdn.net\/images\/emoji.php\/v9\/t6c\/2\/16\/2b1c.png\" alt=\"\u2b1c\ufe0f\" width=\"16\" height=\"16\" \/><\/span><span class=\"html-span xexx8yu xyri2b x18d9i69 x1c1uobl x1hl2dhg x16tdsg8 x1vvkbs x3nfvp2 x1j61x8r x1fcty0u xdj266r xat24cr xm2jcoa x1mpyi22 xxymvpz xlup9mm x1kky2od\"><img loading=\"lazy\" class=\"xz74otr x15mokao x1ga7v0g x16uus16 xbiv7yw\" src=\"https:\/\/static.xx.fbcdn.net\/images\/emoji.php\/v9\/t1e\/2\/16\/1f7e5.png\" alt=\"\ud83d\udfe5\" width=\"16\" height=\"16\" \/><\/span>[ Communiqu\u00e9 unanime de 100% des organisations syndicales des SIS]<\/div>\n<\/div>\n<div class=\"x14z9mp xat24cr x1lziwak x1vvkbs xtlvy1s x126k92a\">\n<div dir=\"auto\">La s\u00e9curit\u00e9 civile fran\u00e7aise est \u00e0 bout de souffle !<\/div>\n<\/div>\n<div class=\"x14z9mp xat24cr x1lziwak x1vvkbs xtlvy1s x126k92a\">\n<div dir=\"auto\">Nous alertons unanimement l\u2019urgence d\u2019une r\u00e9forme du financement et de l\u2019organisation des secours.<\/div>\n<\/div>\n<div class=\"x14z9mp xat24cr x1lziwak x1vvkbs xtlvy1s x126k92a\">\n<div dir=\"auto\">\u00ab La folie, c\u2019est de faire toujours la m\u00eame chose et de s\u2019attendre \u00e0 un r\u00e9sultat diff\u00e9rent \u00bb<\/div>\n<div dir=\"auto\">~ Einstein<\/div>\n<div dir=\"auto\"><a href=\"http:\/\/sud-sdis62.fr\/wp-content\/uploads\/2025\/08\/2025-08-11-declaration-OS-SDIS-SOIEC-BSC.pdf\"><img loading=\"lazy\" class=\"alignnone size-full wp-image-2207\" src=\"http:\/\/sud-sdis62.fr\/wp-content\/uploads\/2025\/08\/530685425_1413095074044808_5669433569230216929_n.jpg\" alt=\"\" width=\"953\" height=\"1378\" srcset=\"https:\/\/sud-sdis62.fr\/wp-content\/uploads\/2025\/08\/530685425_1413095074044808_5669433569230216929_n.jpg 953w, https:\/\/sud-sdis62.fr\/wp-content\/uploads\/2025\/08\/530685425_1413095074044808_5669433569230216929_n-207x300.jpg 207w, https:\/\/sud-sdis62.fr\/wp-content\/uploads\/2025\/08\/530685425_1413095074044808_5669433569230216929_n-708x1024.jpg 708w, https:\/\/sud-sdis62.fr\/wp-content\/uploads\/2025\/08\/530685425_1413095074044808_5669433569230216929_n-768x1110.jpg 768w, https:\/\/sud-sdis62.fr\/wp-content\/uploads\/2025\/08\/530685425_1413095074044808_5669433569230216929_n-640x925.jpg 640w\" sizes=\"(max-width: 953px) 100vw, 953px\" \/><\/a><\/div>\n<\/div>\n","protected":false},"excerpt":{"rendered":"<p>[ Communiqu\u00e9 unanime de 100% des organisations syndicales des SIS] La s\u00e9curit\u00e9 civile fran\u00e7aise est \u00e0 bout de souffle ! Nous alertons unanimement l\u2019urgence d\u2019une r\u00e9forme du financement et de l\u2019organisation des secours. \u00ab La folie, c\u2019est de faire toujours la m\u00eame chose et de s\u2019attendre \u00e0 un r\u00e9sultat diff\u00e9rent \u00bb ~ Einstein<\/p>\n","protected":false},"author":2,"featured_media":2080,"comment_status":"closed","ping_status":"closed","sticky":false,"template":"","format":"standard","meta":{"_EventAllDay":false,"_EventTimezone":"","_EventStartDate":"","_EventEndDate":"","_EventStartDateUTC":"","_EventEndDateUTC":"","_EventShowMap":false,"_EventShowMapLink":false,"_EventURL":"","_EventCost":"","_EventCostDescription":"","_EventCurrencySymbol":"","_EventCurrencyPosition":"","_EventDateTimeSeparator":"","_EventTimeRangeSeparator":"","_EventOrganizerID":[],"_EventVenueID":0,"_OrganizerEmail":"","_OrganizerPhone":"","_OrganizerWebsite":"","_VenueAddress":"","_VenueCity":"","_VenueCountry":"","_VenueProvince":"","_VenueZip":"","_VenuePhone":"","_VenueURL":"","_VenueStateProvince":"","_VenueLat":"","_VenueLng":""},"categories":[1],"tags":[],"_links":{"self":[{"href":"https:\/\/sud-sdis62.fr\/index.php\/wp-json\/wp\/v2\/posts\/2206"}],"collection":[{"href":"https:\/\/sud-sdis62.fr\/index.php\/wp-json\/wp\/v2\/posts"}],"about":[{"href":"https:\/\/sud-sdis62.fr\/index.php\/wp-json\/wp\/v2\/types\/post"}],"author":[{"embeddable":true,"href":"https:\/\/sud-sdis62.fr\/index.php\/wp-json\/wp\/v2\/users\/2"}],"replies":[{"embeddable":true,"href":"https:\/\/sud-sdis62.fr\/index.php\/wp-json\/wp\/v2\/comments?post=2206"}],"version-history":[{"count":2,"href":"https:\/\/sud-sdis62.fr\/index.php\/wp-json\/wp\/v2\/posts\/2206\/revisions"}],"predecessor-version":[{"id":2210,"href":"https:\/\/sud-sdis62.fr\/index.php\/wp-json\/wp\/v2\/posts\/2206\/revisions\/2210"}],"wp:featuredmedia":[{"embeddable":true,"href":"https:\/\/sud-sdis62.fr\/index.php\/wp-json\/wp\/v2\/media\/2080"}],"wp:attachment":[{"href":"https:\/\/sud-sdis62.fr\/index.php\/wp-json\/wp\/v2\/media?parent=2206"}],"wp:term":[{"taxonomy":"category","embeddable":true,"href":"https:\/\/sud-sdis62.fr\/index.php\/wp-json\/wp\/v2\/categories?post=2206"},{"taxonomy":"post_tag","embeddable":true,"href":"https:\/\/sud-sdis62.fr\/index.php\/wp-json\/wp\/v2\/tags?post=2206"}],"curies":[{"name":"wp","href":"https:\/\/api.w.org\/{rel}","templated":true}]}}