{"id":2199,"date":"2025-07-03T15:23:18","date_gmt":"2025-07-03T13:23:18","guid":{"rendered":"http:\/\/sud-sdis62.fr\/?p=2199"},"modified":"2025-07-03T15:28:11","modified_gmt":"2025-07-03T13:28:11","slug":"primes-et-indemnites-a-100-pour-les-spp-malades","status":"publish","type":"post","link":"https:\/\/sud-sdis62.fr\/index.php\/2025\/07\/03\/primes-et-indemnites-a-100-pour-les-spp-malades\/","title":{"rendered":"Primes et indemnit\u00e9s \u00e0 100% pour les SPP malades au SDIS 62."},"content":{"rendered":"<p>Nous l\u2019annoncions dans un article pr\u00e9c\u00e9dent <strong><span style=\"color: #ff6600;\">(<a style=\"color: #ff6600;\" href=\"https:\/\/sudsdis-national.net\/2025\/05\/12\/90-de-salaire-pendant-les-arrets-maladies-cest-non\/\" target=\"_blank\" rel=\"noreferrer noopener\">https:\/\/sudsdis-national.net\/2025\/05\/12\/90-de-salaire-pendant-les-arrets-maladies-cest-non\/<\/a>)<\/span><\/strong>, selon notre analyse juridique, le r\u00e9gime indemnitaire (primes et indemnit\u00e9s) des SPP ne devait pas \u00eatre impact\u00e9 par l\u2019abattement de 10% pendant les 90 premiers jours d\u2019arr\u00eat maladie ordinaire.<br \/>\nUne fiche (ou note) de la DGCL vient de confirmer ce que nous disions.<\/p>\n<p><strong><span style=\"color: #ff6600;\"><a style=\"color: #ff6600;\" href=\"https:\/\/sudsdis-national.net\/wp-content\/uploads\/2025\/07\/Fiche-maintien-du-RI-pendant-les-CMO_OS.pdf\">https:\/\/sudsdis-national.net\/wp-content\/uploads\/2025\/07\/Fiche-maintien-du-RI-pendant-les-CMO_OS.pdf<\/a><\/span><\/strong><\/p>\n<p><span style=\"text-decoration: underline;\"><strong>Le \u00a0SDIS 62 n&rsquo;a pas le choix<\/strong><\/span>, ils doivent <span style=\"text-decoration: underline;\">rembourser<\/span> les sommes injustement pr\u00e9lev\u00e9es sur le salaire des SPP qui ont eu un arr\u00eat maladie depuis le 1er mars.<\/p>\n<p>Rapprochez vous de vos repr\u00e9sentants \u00a0pour toute question \u00e0 ce sujet.<\/p>\n<p>Le bureau Sud Sdis62.<\/p>\n","protected":false},"excerpt":{"rendered":"<p>Nous l\u2019annoncions dans un article pr\u00e9c\u00e9dent (https:\/\/sudsdis-national.net\/2025\/05\/12\/90-de-salaire-pendant-les-arrets-maladies-cest-non\/), selon notre analyse juridique, le r\u00e9gime indemnitaire (primes et indemnit\u00e9s) des SPP ne devait pas \u00eatre impact\u00e9 par l\u2019abattement de 10% pendant les 90 premiers jours d\u2019arr\u00eat maladie ordinaire. Une fiche (ou note) de la DGCL vient de confirmer ce que nous disions. https:\/\/sudsdis-national.net\/wp-content\/uploads\/2025\/07\/Fiche-maintien-du-RI-pendant-les-CMO_OS.pdf Le \u00a0SDIS 62 n&rsquo;a &hellip;<\/p>\n","protected":false},"author":2,"featured_media":2200,"comment_status":"closed","ping_status":"closed","sticky":false,"template":"","format":"standard","meta":{"_EventAllDay":false,"_EventTimezone":"","_EventStartDate":"","_EventEndDate":"","_EventStartDateUTC":"","_EventEndDateUTC":"","_EventShowMap":false,"_EventShowMapLink":false,"_EventURL":"","_EventCost":"","_EventCostDescription":"","_EventCurrencySymbol":"","_EventCurrencyPosition":"","_EventDateTimeSeparator":"","_EventTimeRangeSeparator":"","_EventOrganizerID":[],"_EventVenueID":0,"_OrganizerEmail":"","_OrganizerPhone":"","_OrganizerWebsite":"","_VenueAddress":"","_VenueCity":"","_VenueCountry":"","_VenueProvince":"","_VenueZip":"","_VenuePhone":"","_VenueURL":"","_VenueStateProvince":"","_VenueLat":"","_VenueLng":""},"categories":[1],"tags":[],"_links":{"self":[{"href":"https:\/\/sud-sdis62.fr\/index.php\/wp-json\/wp\/v2\/posts\/2199"}],"collection":[{"href":"https:\/\/sud-sdis62.fr\/index.php\/wp-json\/wp\/v2\/posts"}],"about":[{"href":"https:\/\/sud-sdis62.fr\/index.php\/wp-json\/wp\/v2\/types\/post"}],"author":[{"embeddable":true,"href":"https:\/\/sud-sdis62.fr\/index.php\/wp-json\/wp\/v2\/users\/2"}],"replies":[{"embeddable":true,"href":"https:\/\/sud-sdis62.fr\/index.php\/wp-json\/wp\/v2\/comments?post=2199"}],"version-history":[{"count":3,"href":"https:\/\/sud-sdis62.fr\/index.php\/wp-json\/wp\/v2\/posts\/2199\/revisions"}],"predecessor-version":[{"id":2204,"href":"https:\/\/sud-sdis62.fr\/index.php\/wp-json\/wp\/v2\/posts\/2199\/revisions\/2204"}],"wp:featuredmedia":[{"embeddable":true,"href":"https:\/\/sud-sdis62.fr\/index.php\/wp-json\/wp\/v2\/media\/2200"}],"wp:attachment":[{"href":"https:\/\/sud-sdis62.fr\/index.php\/wp-json\/wp\/v2\/media?parent=2199"}],"wp:term":[{"taxonomy":"category","embeddable":true,"href":"https:\/\/sud-sdis62.fr\/index.php\/wp-json\/wp\/v2\/categories?post=2199"},{"taxonomy":"post_tag","embeddable":true,"href":"https:\/\/sud-sdis62.fr\/index.php\/wp-json\/wp\/v2\/tags?post=2199"}],"curies":[{"name":"wp","href":"https:\/\/api.w.org\/{rel}","templated":true}]}}