{"id":2169,"date":"2025-04-03T18:30:00","date_gmt":"2025-04-03T16:30:00","guid":{"rendered":"http:\/\/sud-sdis62.fr\/?p=2169"},"modified":"2025-04-07T15:32:48","modified_gmt":"2025-04-07T13:32:48","slug":"2169","status":"publish","type":"post","link":"https:\/\/sud-sdis62.fr\/index.php\/2025\/04\/03\/2169\/","title":{"rendered":""},"content":{"rendered":"<p>Bonjour \u00e0 toutes et \u00e0 tous,<\/p>\n<p>Aujourd&rsquo;hui, nous avons interpell\u00e9 le Pr\u00e9sident du SDIS concernant la mise en \u0153uvre de la circulaire relative \u00e0 la sant\u00e9 et \u00e0 la s\u00e9curit\u00e9 au travail des agents des SIS. Nous avons envoy\u00e9 un courrier rappelant l&rsquo;obligation de respecter cette circulaire ainsi que la n\u00e9cessit\u00e9 de conna\u00eetre les moyens mis en place par le SDIS pour y r\u00e9pondre.<\/p>\n<p>Vous trouverez ci-joint deux d\u00e9crets, prenant effet d\u00e8s aujourd&rsquo;hui, visant \u00e0 :<\/p>\n<p>1.\u2060 \u2060Am\u00e9liorer les conditions d&rsquo;hygi\u00e8ne et de s\u00e9curit\u00e9 au travail ainsi que les dispositifs de m\u00e9decine professionnelle et pr\u00e9ventive dans la fonction publique territoriale.<\/p>\n<p>2.\u2060 \u2060Assurer un suivi m\u00e9dical post-professionnel des agents de la fonction publique territoriale expos\u00e9s \u00e0 des substances canc\u00e9rog\u00e8nes, mutag\u00e8nes ou toxiques pour la reproduction.<\/p>\n<p>Votre bureau tient \u00e0 signaler que nous resterons vigilants d\u00e8s l&rsquo;entr\u00e9e en vigueur de ces d\u00e9crets et que nous serons intraitables en ce qui concerne la sant\u00e9 et la s\u00e9curit\u00e9 des sapeurs-pompiers.<\/p>\n<p><span style=\"font-size: 16px; color: #ff0000;\"><strong><a style=\"color: #ff0000;\" href=\"http:\/\/sud-sdis62.fr\/wp-content\/uploads\/2025\/04\/Decret-n\u00b02015-1438-du-5-novembre-2015-version-en-vigueur-au-2-avril-2025.pdf\">D\u00e9cret n\u00b02015-1438 du 5 novembre 2015 version en vigueur au 2 avril 2025<\/a><\/strong><\/span><\/p>\n<p><span style=\"font-size: 16px; color: #ff0000;\"><strong><a style=\"color: #ff0000;\" href=\"http:\/\/sud-sdis62.fr\/wp-content\/uploads\/2025\/04\/Circulaire_relative_a_la_sante_et_la_securite_des_agents_des_SIS.pdf\">Circulaire_relative_a_la_sante_et_la_securite_des_agents_des_SIS<\/a><\/strong><\/span><\/p>\n<p><span style=\"font-size: 16px; color: #ff0000;\"><strong><a style=\"color: #ff0000;\" href=\"http:\/\/sud-sdis62.fr\/wp-content\/uploads\/2025\/04\/Decret-n\u00b085-603-du-10-juin-1985-version-en-vigueur-au-2-avril-2025.pdf\">D\u00e9cret n\u00b085-603 du 10 juin 1985 version en vigueur au 2 avril 2025<\/a><\/strong><\/span><\/p>\n","protected":false},"excerpt":{"rendered":"<p>Bonjour \u00e0 toutes et \u00e0 tous, Aujourd&rsquo;hui, nous avons interpell\u00e9 le Pr\u00e9sident du SDIS concernant la mise en \u0153uvre de la circulaire relative \u00e0 la sant\u00e9 et \u00e0 la s\u00e9curit\u00e9 au travail des agents des SIS. Nous avons envoy\u00e9 un courrier rappelant l&rsquo;obligation de respecter cette circulaire ainsi que la n\u00e9cessit\u00e9 de conna\u00eetre les moyens &hellip;<\/p>\n","protected":false},"author":2,"featured_media":2173,"comment_status":"closed","ping_status":"closed","sticky":false,"template":"","format":"standard","meta":{"_EventAllDay":false,"_EventTimezone":"","_EventStartDate":"","_EventEndDate":"","_EventStartDateUTC":"","_EventEndDateUTC":"","_EventShowMap":false,"_EventShowMapLink":false,"_EventURL":"","_EventCost":"","_EventCostDescription":"","_EventCurrencySymbol":"","_EventCurrencyPosition":"","_EventDateTimeSeparator":"","_EventTimeRangeSeparator":"","_EventOrganizerID":[],"_EventVenueID":0,"_OrganizerEmail":"","_OrganizerPhone":"","_OrganizerWebsite":"","_VenueAddress":"","_VenueCity":"","_VenueCountry":"","_VenueProvince":"","_VenueZip":"","_VenuePhone":"","_VenueURL":"","_VenueStateProvince":"","_VenueLat":"","_VenueLng":""},"categories":[1],"tags":[],"_links":{"self":[{"href":"https:\/\/sud-sdis62.fr\/index.php\/wp-json\/wp\/v2\/posts\/2169"}],"collection":[{"href":"https:\/\/sud-sdis62.fr\/index.php\/wp-json\/wp\/v2\/posts"}],"about":[{"href":"https:\/\/sud-sdis62.fr\/index.php\/wp-json\/wp\/v2\/types\/post"}],"author":[{"embeddable":true,"href":"https:\/\/sud-sdis62.fr\/index.php\/wp-json\/wp\/v2\/users\/2"}],"replies":[{"embeddable":true,"href":"https:\/\/sud-sdis62.fr\/index.php\/wp-json\/wp\/v2\/comments?post=2169"}],"version-history":[{"count":5,"href":"https:\/\/sud-sdis62.fr\/index.php\/wp-json\/wp\/v2\/posts\/2169\/revisions"}],"predecessor-version":[{"id":2179,"href":"https:\/\/sud-sdis62.fr\/index.php\/wp-json\/wp\/v2\/posts\/2169\/revisions\/2179"}],"wp:featuredmedia":[{"embeddable":true,"href":"https:\/\/sud-sdis62.fr\/index.php\/wp-json\/wp\/v2\/media\/2173"}],"wp:attachment":[{"href":"https:\/\/sud-sdis62.fr\/index.php\/wp-json\/wp\/v2\/media?parent=2169"}],"wp:term":[{"taxonomy":"category","embeddable":true,"href":"https:\/\/sud-sdis62.fr\/index.php\/wp-json\/wp\/v2\/categories?post=2169"},{"taxonomy":"post_tag","embeddable":true,"href":"https:\/\/sud-sdis62.fr\/index.php\/wp-json\/wp\/v2\/tags?post=2169"}],"curies":[{"name":"wp","href":"https:\/\/api.w.org\/{rel}","templated":true}]}}