{"id":1940,"date":"2023-12-11T17:32:31","date_gmt":"2023-12-11T16:32:31","guid":{"rendered":"http:\/\/sud-sdis62.fr\/?p=1940"},"modified":"2023-12-11T17:32:31","modified_gmt":"2023-12-11T16:32:31","slug":"assemblee-generale-sud-sdis-62","status":"publish","type":"post","link":"https:\/\/sud-sdis62.fr\/index.php\/2023\/12\/11\/assemblee-generale-sud-sdis-62\/","title":{"rendered":"Assembl\u00e9e g\u00e9n\u00e9rale SUD SDIS 62 !"},"content":{"rendered":"<div class=\"xdj266r x11i5rnm xat24cr x1mh8g0r x1vvkbs x126k92a\">\n<div dir=\"auto\">Vous \u00eates convi\u00e9s \u00e0 participer \u00e0 notre assembl\u00e9e g\u00e9n\u00e9rale SUD SDIS 62 !<\/div>\n<\/div>\n<div class=\"x11i5rnm xat24cr x1mh8g0r x1vvkbs xtlvy1s x126k92a\">\n<div dir=\"auto\">Le mardi 12 D\u00e9cembre 2023 \u00e0 9H30<\/div>\n<\/div>\n<div class=\"x11i5rnm xat24cr x1mh8g0r x1vvkbs xtlvy1s x126k92a\">\n<div dir=\"auto\">CIS LENS , acc\u00e8s rue Van Pelt 62300 Lens<\/div>\n<\/div>\n<div class=\"x11i5rnm xat24cr x1mh8g0r x1vvkbs xtlvy1s x126k92a\">\n<div dir=\"auto\">Nous comptons sur votre pr\u00e9sence pour construire le SDIS de demain <span class=\"x3nfvp2 x1j61x8r x1fcty0u xdj266r xhhsvwb xat24cr xgzva0m xxymvpz xlup9mm x1kky2od\"><img loading=\"lazy\" class=\"xz74otr\" src=\"https:\/\/static.xx.fbcdn.net\/images\/emoji.php\/v9\/te0\/2\/16\/270a.png\" alt=\"\u270a\" width=\"16\" height=\"16\" \/><\/span><span class=\"x3nfvp2 x1j61x8r x1fcty0u xdj266r xhhsvwb xat24cr xgzva0m xxymvpz xlup9mm x1kky2od\"><img loading=\"lazy\" class=\"xz74otr\" src=\"https:\/\/static.xx.fbcdn.net\/images\/emoji.php\/v9\/td3\/2\/16\/1f1eb_1f1f7.png\" alt=\"\ud83c\uddeb\ud83c\uddf7\" width=\"16\" height=\"16\" \/><\/span><\/div>\n<\/div>\n<div class=\"x11i5rnm xat24cr x1mh8g0r x1vvkbs xtlvy1s x126k92a\">\n<div dir=\"auto\">Le bureau Sud SdIs 62<\/div>\n<div dir=\"auto\"><img loading=\"lazy\" class=\"alignnone size-full wp-image-1941\" src=\"http:\/\/sud-sdis62.fr\/wp-content\/uploads\/2023\/12\/406397055_836529591603322_2892421983012754997_n.jpg\" alt=\"\" width=\"1448\" height=\"2048\" srcset=\"https:\/\/sud-sdis62.fr\/wp-content\/uploads\/2023\/12\/406397055_836529591603322_2892421983012754997_n.jpg 1448w, https:\/\/sud-sdis62.fr\/wp-content\/uploads\/2023\/12\/406397055_836529591603322_2892421983012754997_n-212x300.jpg 212w, https:\/\/sud-sdis62.fr\/wp-content\/uploads\/2023\/12\/406397055_836529591603322_2892421983012754997_n-724x1024.jpg 724w, https:\/\/sud-sdis62.fr\/wp-content\/uploads\/2023\/12\/406397055_836529591603322_2892421983012754997_n-768x1086.jpg 768w, https:\/\/sud-sdis62.fr\/wp-content\/uploads\/2023\/12\/406397055_836529591603322_2892421983012754997_n-1086x1536.jpg 1086w, https:\/\/sud-sdis62.fr\/wp-content\/uploads\/2023\/12\/406397055_836529591603322_2892421983012754997_n-640x905.jpg 640w\" sizes=\"(max-width: 1448px) 100vw, 1448px\" \/><\/div>\n<\/div>\n","protected":false},"excerpt":{"rendered":"<p>Vous \u00eates convi\u00e9s \u00e0 participer \u00e0 notre assembl\u00e9e g\u00e9n\u00e9rale SUD SDIS 62 ! Le mardi 12 D\u00e9cembre 2023 \u00e0 9H30 CIS LENS , acc\u00e8s rue Van Pelt 62300 Lens Nous comptons sur votre pr\u00e9sence pour construire le SDIS de demain Le bureau Sud SdIs 62<\/p>\n","protected":false},"author":2,"featured_media":1941,"comment_status":"closed","ping_status":"closed","sticky":false,"template":"","format":"standard","meta":{"_EventAllDay":false,"_EventTimezone":"","_EventStartDate":"","_EventEndDate":"","_EventStartDateUTC":"","_EventEndDateUTC":"","_EventShowMap":false,"_EventShowMapLink":false,"_EventURL":"","_EventCost":"","_EventCostDescription":"","_EventCurrencySymbol":"","_EventCurrencyPosition":"","_EventDateTimeSeparator":"","_EventTimeRangeSeparator":"","_EventOrganizerID":[],"_EventVenueID":0,"_OrganizerEmail":"","_OrganizerPhone":"","_OrganizerWebsite":"","_VenueAddress":"","_VenueCity":"","_VenueCountry":"","_VenueProvince":"","_VenueZip":"","_VenuePhone":"","_VenueURL":"","_VenueStateProvince":"","_VenueLat":"","_VenueLng":""},"categories":[1],"tags":[],"_links":{"self":[{"href":"https:\/\/sud-sdis62.fr\/index.php\/wp-json\/wp\/v2\/posts\/1940"}],"collection":[{"href":"https:\/\/sud-sdis62.fr\/index.php\/wp-json\/wp\/v2\/posts"}],"about":[{"href":"https:\/\/sud-sdis62.fr\/index.php\/wp-json\/wp\/v2\/types\/post"}],"author":[{"embeddable":true,"href":"https:\/\/sud-sdis62.fr\/index.php\/wp-json\/wp\/v2\/users\/2"}],"replies":[{"embeddable":true,"href":"https:\/\/sud-sdis62.fr\/index.php\/wp-json\/wp\/v2\/comments?post=1940"}],"version-history":[{"count":1,"href":"https:\/\/sud-sdis62.fr\/index.php\/wp-json\/wp\/v2\/posts\/1940\/revisions"}],"predecessor-version":[{"id":1942,"href":"https:\/\/sud-sdis62.fr\/index.php\/wp-json\/wp\/v2\/posts\/1940\/revisions\/1942"}],"wp:featuredmedia":[{"embeddable":true,"href":"https:\/\/sud-sdis62.fr\/index.php\/wp-json\/wp\/v2\/media\/1941"}],"wp:attachment":[{"href":"https:\/\/sud-sdis62.fr\/index.php\/wp-json\/wp\/v2\/media?parent=1940"}],"wp:term":[{"taxonomy":"category","embeddable":true,"href":"https:\/\/sud-sdis62.fr\/index.php\/wp-json\/wp\/v2\/categories?post=1940"},{"taxonomy":"post_tag","embeddable":true,"href":"https:\/\/sud-sdis62.fr\/index.php\/wp-json\/wp\/v2\/tags?post=1940"}],"curies":[{"name":"wp","href":"https:\/\/api.w.org\/{rel}","templated":true}]}}