{"id":1877,"date":"2023-11-21T18:07:31","date_gmt":"2023-11-21T17:07:31","guid":{"rendered":"http:\/\/sud-sdis62.fr\/?p=1877"},"modified":"2023-11-22T09:42:29","modified_gmt":"2023-11-22T08:42:29","slug":"1877","status":"publish","type":"post","link":"https:\/\/sud-sdis62.fr\/index.php\/2023\/11\/21\/1877\/","title":{"rendered":"CONGR\u00c8S SUD SDIS"},"content":{"rendered":"<div class=\"xdj266r x11i5rnm xat24cr x1mh8g0r x1vvkbs x126k92a\">\n<div dir=\"auto\">SUD SDIS62 participe au congr\u00e8s Sud Sdis.<\/div>\n<div dir=\"auto\"><\/div>\n<\/div>\n<div class=\"x11i5rnm xat24cr x1mh8g0r x1vvkbs xtlvy1s x126k92a\">\n<div dir=\"auto\">Toujours un plaisir de revoir tous les SUD SDIS de France.<\/div>\n<div dir=\"auto\"><\/div>\n<\/div>\n<div class=\"x11i5rnm xat24cr x1mh8g0r x1vvkbs xtlvy1s x126k92a\">\n<div dir=\"auto\">Se r\u00e9unir efficacement et avancer \u00e0 propos des dossiers et pr\u00e9occupations nationales + d\u00e9partementales sera toujours notre volont\u00e9 !<\/div>\n<\/div>\n<div class=\"x11i5rnm xat24cr x1mh8g0r x1vvkbs xtlvy1s x126k92a\">\n<div dir=\"auto\">\u00ab\u00a0\ud835\ude47\ud835\ude5a \ud835\ude62\ud835\ude5a\ud835\ude5e\ud835\ude61\ud835\ude61\ud835\ude5a\ud835\ude6a\ud835\ude67 \ud835\ude59\ud835\ude5a\ud835\ude68 \ud835\ude57\ud835\ude6a\ud835\ude67\ud835\ude5a\ud835\ude56\ud835\ude6a\ud835\ude6d, \ud835\ude58&rsquo;\ud835\ude5a\ud835\ude68\ud835\ude69 \ud835\ude61\ud835\ude5a \ud835\ude69\ud835\ude5a\ud835\ude67\ud835\ude67\ud835\ude56\ud835\ude5e\ud835\ude63 \u00ab\u00a0<\/div>\n<\/div>\n<div class=\"x11i5rnm xat24cr x1mh8g0r x1vvkbs xtlvy1s x126k92a\">\n<div dir=\"auto\">Merci pour votre confiance.<\/div>\n<div dir=\"auto\"><\/div>\n<\/div>\n<div class=\"x11i5rnm xat24cr x1mh8g0r x1vvkbs xtlvy1s x126k92a\">\n<div dir=\"auto\">Le Bureau Sud Sdis62<\/div>\n<div dir=\"auto\"><\/div>\n<\/div>\n<div class=\"x11i5rnm xat24cr x1mh8g0r x1vvkbs xtlvy1s x126k92a\">\n<div dir=\"auto\">-Pour adh\u00e9rer \u00e7a se passe ici : \u00a0 \u00a0 <a href=\"http:\/\/sud-sdis62.fr\/wp-content\/uploads\/2019\/09\/Bulletin-dAdh\u00e9sion.pdf\">\u21d2SUD SDIS62<\/a><\/div>\n<div dir=\"auto\"><\/div>\n<\/div>\n<p><img loading=\"lazy\" class=\"alignnone size-full wp-image-1878\" src=\"http:\/\/sud-sdis62.fr\/wp-content\/uploads\/2023\/11\/nimes.jpg\" alt=\"\" width=\"1008\" height=\"922\" srcset=\"https:\/\/sud-sdis62.fr\/wp-content\/uploads\/2023\/11\/nimes.jpg 1008w, https:\/\/sud-sdis62.fr\/wp-content\/uploads\/2023\/11\/nimes-300x274.jpg 300w, https:\/\/sud-sdis62.fr\/wp-content\/uploads\/2023\/11\/nimes-768x702.jpg 768w, https:\/\/sud-sdis62.fr\/wp-content\/uploads\/2023\/11\/nimes-640x585.jpg 640w\" sizes=\"(max-width: 1008px) 100vw, 1008px\" \/><\/p>\n","protected":false},"excerpt":{"rendered":"<p>SUD SDIS62 participe au congr\u00e8s Sud Sdis. Toujours un plaisir de revoir tous les SUD SDIS de France. Se r\u00e9unir efficacement et avancer \u00e0 propos des dossiers et pr\u00e9occupations nationales + d\u00e9partementales sera toujours notre volont\u00e9 ! \u00ab\u00a0\ud835\ude47\ud835\ude5a \ud835\ude62\ud835\ude5a\ud835\ude5e\ud835\ude61\ud835\ude61\ud835\ude5a\ud835\ude6a\ud835\ude67 \ud835\ude59\ud835\ude5a\ud835\ude68 \ud835\ude57\ud835\ude6a\ud835\ude67\ud835\ude5a\ud835\ude56\ud835\ude6a\ud835\ude6d, \ud835\ude58&rsquo;\ud835\ude5a\ud835\ude68\ud835\ude69 \ud835\ude61\ud835\ude5a \ud835\ude69\ud835\ude5a\ud835\ude67\ud835\ude67\ud835\ude56\ud835\ude5e\ud835\ude63 \u00ab\u00a0 Merci pour votre confiance. Le Bureau Sud Sdis62 -Pour adh\u00e9rer &hellip;<\/p>\n","protected":false},"author":2,"featured_media":1878,"comment_status":"closed","ping_status":"closed","sticky":false,"template":"","format":"standard","meta":{"_EventAllDay":false,"_EventTimezone":"","_EventStartDate":"","_EventEndDate":"","_EventStartDateUTC":"","_EventEndDateUTC":"","_EventShowMap":false,"_EventShowMapLink":false,"_EventURL":"","_EventCost":"","_EventCostDescription":"","_EventCurrencySymbol":"","_EventCurrencyPosition":"","_EventDateTimeSeparator":"","_EventTimeRangeSeparator":"","_EventOrganizerID":[],"_EventVenueID":0,"_OrganizerEmail":"","_OrganizerPhone":"","_OrganizerWebsite":"","_VenueAddress":"","_VenueCity":"","_VenueCountry":"","_VenueProvince":"","_VenueZip":"","_VenuePhone":"","_VenueURL":"","_VenueStateProvince":"","_VenueLat":"","_VenueLng":""},"categories":[1],"tags":[],"_links":{"self":[{"href":"https:\/\/sud-sdis62.fr\/index.php\/wp-json\/wp\/v2\/posts\/1877"}],"collection":[{"href":"https:\/\/sud-sdis62.fr\/index.php\/wp-json\/wp\/v2\/posts"}],"about":[{"href":"https:\/\/sud-sdis62.fr\/index.php\/wp-json\/wp\/v2\/types\/post"}],"author":[{"embeddable":true,"href":"https:\/\/sud-sdis62.fr\/index.php\/wp-json\/wp\/v2\/users\/2"}],"replies":[{"embeddable":true,"href":"https:\/\/sud-sdis62.fr\/index.php\/wp-json\/wp\/v2\/comments?post=1877"}],"version-history":[{"count":2,"href":"https:\/\/sud-sdis62.fr\/index.php\/wp-json\/wp\/v2\/posts\/1877\/revisions"}],"predecessor-version":[{"id":1881,"href":"https:\/\/sud-sdis62.fr\/index.php\/wp-json\/wp\/v2\/posts\/1877\/revisions\/1881"}],"wp:featuredmedia":[{"embeddable":true,"href":"https:\/\/sud-sdis62.fr\/index.php\/wp-json\/wp\/v2\/media\/1878"}],"wp:attachment":[{"href":"https:\/\/sud-sdis62.fr\/index.php\/wp-json\/wp\/v2\/media?parent=1877"}],"wp:term":[{"taxonomy":"category","embeddable":true,"href":"https:\/\/sud-sdis62.fr\/index.php\/wp-json\/wp\/v2\/categories?post=1877"},{"taxonomy":"post_tag","embeddable":true,"href":"https:\/\/sud-sdis62.fr\/index.php\/wp-json\/wp\/v2\/tags?post=1877"}],"curies":[{"name":"wp","href":"https:\/\/api.w.org\/{rel}","templated":true}]}}