{"id":1873,"date":"2023-11-01T10:11:07","date_gmt":"2023-11-01T09:11:07","guid":{"rendered":"http:\/\/sud-sdis62.fr\/?p=1873"},"modified":"2023-11-01T10:11:07","modified_gmt":"2023-11-01T09:11:07","slug":"prime-pouvoir-dachat-qui-va-la-financer","status":"publish","type":"post","link":"https:\/\/sud-sdis62.fr\/index.php\/2023\/11\/01\/prime-pouvoir-dachat-qui-va-la-financer\/","title":{"rendered":"Prime pouvoir d&rsquo;achat: qui va la financer ?"},"content":{"rendered":"<p>Publi\u00e9 ce jour au journal officiel, un d\u00e9cret vient pr\u00e9ciser les modalit\u00e9s de mise en oeuvre de la prime pouvoir d&rsquo;achat dans la fonction publique territoriale.<\/p>\n<p>Sans surprise, l&rsquo;attribution de cette prime attendue par bon nombre de fonctionnaires\u00a0et d\u00e9j\u00e0 vers\u00e9e automatiquement dans la fonction publique d&rsquo;\u00c9tat et \u00e0 l&rsquo;hospitali\u00e8re, est soumise\u00a0\u00e0 une d\u00e9cision des organes d\u00e9lib\u00e9rants des collectivit\u00e9s territoriales.<\/p>\n<p>Et bien s\u00fbr, l&rsquo;Etat n&rsquo;a pas pr\u00e9vu de financer cette prime.<\/p>\n<p>En r\u00e9sum\u00e9, le d\u00e9compte des agents territoriaux r\u00e9ellement b\u00e9n\u00e9ficiaires de cette prime va \u00eatre tr\u00e8s rapide.<\/p>\n<p>Nous invitons chaque structure locale \u00e0 demander l&rsquo;attribution de cette prime, et chaque agent \u00e0 interpeller leur d\u00e9put\u00e9 de circonscription pour les alerter sur l&rsquo;injustice de ce d\u00e9cret.<\/p>\n<p><span style=\"color: #ff6600;\"><a style=\"color: #ff6600;\" href=\"https:\/\/www.sudsdis.fr\/docs\/joe_20231101_0254_0009.pdf\" data-cke-saved-href=\"https:\/\/www.sudsdis.fr\/docs\/joe_20231101_0254_0009.pdf\">d\u00e9cret n\u00b02023-1006 du 31 octobre 2023 portant cr\u00e9ation d&rsquo;une prime pouvoir d&rsquo;achat dans la FPT<\/a><\/span><\/p>\n","protected":false},"excerpt":{"rendered":"<p>Publi\u00e9 ce jour au journal officiel, un d\u00e9cret vient pr\u00e9ciser les modalit\u00e9s de mise en oeuvre de la prime pouvoir d&rsquo;achat dans la fonction publique territoriale. Sans surprise, l&rsquo;attribution de cette prime attendue par bon nombre de fonctionnaires\u00a0et d\u00e9j\u00e0 vers\u00e9e automatiquement dans la fonction publique d&rsquo;\u00c9tat et \u00e0 l&rsquo;hospitali\u00e8re, est soumise\u00a0\u00e0 une d\u00e9cision des organes &hellip;<\/p>\n","protected":false},"author":2,"featured_media":1874,"comment_status":"closed","ping_status":"closed","sticky":false,"template":"","format":"standard","meta":{"_EventAllDay":false,"_EventTimezone":"","_EventStartDate":"","_EventEndDate":"","_EventStartDateUTC":"","_EventEndDateUTC":"","_EventShowMap":false,"_EventShowMapLink":false,"_EventURL":"","_EventCost":"","_EventCostDescription":"","_EventCurrencySymbol":"","_EventCurrencyPosition":"","_EventDateTimeSeparator":"","_EventTimeRangeSeparator":"","_EventOrganizerID":[],"_EventVenueID":0,"_OrganizerEmail":"","_OrganizerPhone":"","_OrganizerWebsite":"","_VenueAddress":"","_VenueCity":"","_VenueCountry":"","_VenueProvince":"","_VenueZip":"","_VenuePhone":"","_VenueURL":"","_VenueStateProvince":"","_VenueLat":"","_VenueLng":""},"categories":[1],"tags":[],"_links":{"self":[{"href":"https:\/\/sud-sdis62.fr\/index.php\/wp-json\/wp\/v2\/posts\/1873"}],"collection":[{"href":"https:\/\/sud-sdis62.fr\/index.php\/wp-json\/wp\/v2\/posts"}],"about":[{"href":"https:\/\/sud-sdis62.fr\/index.php\/wp-json\/wp\/v2\/types\/post"}],"author":[{"embeddable":true,"href":"https:\/\/sud-sdis62.fr\/index.php\/wp-json\/wp\/v2\/users\/2"}],"replies":[{"embeddable":true,"href":"https:\/\/sud-sdis62.fr\/index.php\/wp-json\/wp\/v2\/comments?post=1873"}],"version-history":[{"count":1,"href":"https:\/\/sud-sdis62.fr\/index.php\/wp-json\/wp\/v2\/posts\/1873\/revisions"}],"predecessor-version":[{"id":1875,"href":"https:\/\/sud-sdis62.fr\/index.php\/wp-json\/wp\/v2\/posts\/1873\/revisions\/1875"}],"wp:featuredmedia":[{"embeddable":true,"href":"https:\/\/sud-sdis62.fr\/index.php\/wp-json\/wp\/v2\/media\/1874"}],"wp:attachment":[{"href":"https:\/\/sud-sdis62.fr\/index.php\/wp-json\/wp\/v2\/media?parent=1873"}],"wp:term":[{"taxonomy":"category","embeddable":true,"href":"https:\/\/sud-sdis62.fr\/index.php\/wp-json\/wp\/v2\/categories?post=1873"},{"taxonomy":"post_tag","embeddable":true,"href":"https:\/\/sud-sdis62.fr\/index.php\/wp-json\/wp\/v2\/tags?post=1873"}],"curies":[{"name":"wp","href":"https:\/\/api.w.org\/{rel}","templated":true}]}}