{"id":1845,"date":"2023-10-05T21:28:41","date_gmt":"2023-10-05T19:28:41","guid":{"rendered":"http:\/\/sud-sdis62.fr\/?p=1845"},"modified":"2023-10-10T21:32:59","modified_gmt":"2023-10-10T19:32:59","slug":"rennes","status":"publish","type":"post","link":"https:\/\/sud-sdis62.fr\/index.php\/2023\/10\/05\/rennes\/","title":{"rendered":"Rennes"},"content":{"rendered":"\n<p><iframe loading=\"lazy\" style=\"border: none; overflow: hidden;\" src=\"https:\/\/www.facebook.com\/plugins\/video.php?height=476&amp;href=https%3A%2F%2Fwww.facebook.com%2FSUDSPPPATSNational%2Fvideos%2F853649699661015%2F&amp;show_text=false&amp;width=267&amp;t=0\" width=\"267\" height=\"476\" frameborder=\"0\" scrolling=\"no\" allowfullscreen=\"allowfullscreen\"><\/iframe><\/p>\n<div class=\"xdj266r x11i5rnm xat24cr x1mh8g0r x1vvkbs x126k92a\">\n<div dir=\"auto\">Apr\u00e8s 2h d&rsquo;audience au tribunal des r\u00e9f\u00e9r\u00e9s la pr\u00e9sidente du tribunal a demand\u00e9 au Centre De Gestion 35 de fournir les \u00e9l\u00e9ments compl\u00e9mentaires qui pourraient nous permettre d&rsquo;obtenir une victoire totale sur les 2 volets interne&amp;externe.<\/div>\n<\/div>\n<div class=\"x11i5rnm xat24cr x1mh8g0r x1vvkbs xtlvy1s x126k92a\">\n<div dir=\"auto\">En effet suite aux suppos\u00e9s dysfonctionnements d\u00e9nonc\u00e9s par le Directeur du SDIS 976, la Pr\u00e9sidente du tribunal a \u00e9t\u00e9 surprise d&rsquo;apprendre que la personne mise en cause \u00e0 \u00e9chou\u00e9 aux \u00e9preuves d&rsquo;admissibilit\u00e9.<\/div>\n<\/div>\n<div class=\"x11i5rnm xat24cr x1mh8g0r x1vvkbs xtlvy1s x126k92a\">\n<div dir=\"auto\">Elle a donc demand\u00e9 un bilan des notes des 60 copies qui ont \u00e9t\u00e9 corrig\u00e9s par le Directeur Adjoint.<\/div>\n<\/div>\n<div class=\"x11i5rnm xat24cr x1mh8g0r x1vvkbs xtlvy1s x126k92a\">\n<div dir=\"auto\">Les avocats sur place ont rappel\u00e9 qu&rsquo;il y avait \u00e9galement une double correction voir m\u00eame une triple correction.<\/div>\n<\/div>\n<div class=\"x11i5rnm xat24cr x1mh8g0r x1vvkbs xtlvy1s x126k92a\">\n<div dir=\"auto\">Rappelons que le centre d&rsquo;examen de Mayotte \u00e0 l&rsquo;origine du dysfonctionnement avait convoqu\u00e9 uniquement 7 candidats et seul 4 se sont pr\u00e9sent\u00e9s le jour J.<\/div>\n<\/div>\n<div class=\"x11i5rnm xat24cr x1mh8g0r x1vvkbs xtlvy1s x126k92a\">\n<div dir=\"auto\">Les avocats du centre de gestion 35 n&rsquo;ont pas trouv\u00e9 d&rsquo;\u00e9l\u00e9ments de dysfonctionnement concernant le concours externe de capitaine qui pourrait donc \u00eatre \u00e0 nouveau valid\u00e9.<\/div>\n<\/div>\n<div class=\"x11i5rnm xat24cr x1mh8g0r x1vvkbs xtlvy1s x126k92a\">\n<div dir=\"auto\">Nb : Ils ont estim\u00e9 la r\u00e9organisation de ce concours \u00e0 250 000 \u20ac.<\/div>\n<\/div>\n<div class=\"x11i5rnm xat24cr x1mh8g0r x1vvkbs xtlvy1s x126k92a\">\n<div dir=\"auto\">R\u00c9SULTATS :<\/div>\n<div dir=\"auto\"><span class=\"x3nfvp2 x1j61x8r x1fcty0u xdj266r xhhsvwb xat24cr xgzva0m xxymvpz xlup9mm x1kky2od\"><img loading=\"lazy\" src=\"https:\/\/static.xx.fbcdn.net\/images\/emoji.php\/v9\/t1f\/2\/16\/27a1.png\" alt=\"\u27a1\ufe0f\" width=\"16\" height=\"16\" \/><\/span> Nous avons donc une cl\u00f4ture d&rsquo;instruction le vendredi 6 octobre \u00e0 16h<\/div>\n<div dir=\"auto\"><span class=\"x3nfvp2 x1j61x8r x1fcty0u xdj266r xhhsvwb xat24cr xgzva0m xxymvpz xlup9mm x1kky2od\"><img loading=\"lazy\" src=\"https:\/\/static.xx.fbcdn.net\/images\/emoji.php\/v9\/t1f\/2\/16\/27a1.png\" alt=\"\u27a1\ufe0f\" width=\"16\" height=\"16\" \/><\/span> Un d\u00e9lib\u00e9r\u00e9 en tout d\u00e9but de semaine avec m\u00eame un espoir pour ce lundi matin.<\/div>\n<\/div>\n<p>\u00a0<\/p>\n","protected":false},"excerpt":{"rendered":"<p>Apr\u00e8s 2h d&rsquo;audience au tribunal des r\u00e9f\u00e9r\u00e9s la pr\u00e9sidente du tribunal a demand\u00e9 au Centre De Gestion 35 de fournir les \u00e9l\u00e9ments compl\u00e9mentaires qui pourraient nous permettre d&rsquo;obtenir une victoire totale sur les 2 volets interne&amp;externe. En effet suite aux suppos\u00e9s dysfonctionnements d\u00e9nonc\u00e9s par le Directeur du SDIS 976, la Pr\u00e9sidente du tribunal a \u00e9t\u00e9 &hellip;<\/p>\n","protected":false},"author":2,"featured_media":1850,"comment_status":"closed","ping_status":"closed","sticky":false,"template":"","format":"standard","meta":{"_EventAllDay":false,"_EventTimezone":"","_EventStartDate":"","_EventEndDate":"","_EventStartDateUTC":"","_EventEndDateUTC":"","_EventShowMap":false,"_EventShowMapLink":false,"_EventURL":"","_EventCost":"","_EventCostDescription":"","_EventCurrencySymbol":"","_EventCurrencyPosition":"","_EventDateTimeSeparator":"","_EventTimeRangeSeparator":"","_EventOrganizerID":[],"_EventVenueID":0,"_OrganizerEmail":"","_OrganizerPhone":"","_OrganizerWebsite":"","_VenueAddress":"","_VenueCity":"","_VenueCountry":"","_VenueProvince":"","_VenueZip":"","_VenuePhone":"","_VenueURL":"","_VenueStateProvince":"","_VenueLat":"","_VenueLng":""},"categories":[1],"tags":[],"_links":{"self":[{"href":"https:\/\/sud-sdis62.fr\/index.php\/wp-json\/wp\/v2\/posts\/1845"}],"collection":[{"href":"https:\/\/sud-sdis62.fr\/index.php\/wp-json\/wp\/v2\/posts"}],"about":[{"href":"https:\/\/sud-sdis62.fr\/index.php\/wp-json\/wp\/v2\/types\/post"}],"author":[{"embeddable":true,"href":"https:\/\/sud-sdis62.fr\/index.php\/wp-json\/wp\/v2\/users\/2"}],"replies":[{"embeddable":true,"href":"https:\/\/sud-sdis62.fr\/index.php\/wp-json\/wp\/v2\/comments?post=1845"}],"version-history":[{"count":3,"href":"https:\/\/sud-sdis62.fr\/index.php\/wp-json\/wp\/v2\/posts\/1845\/revisions"}],"predecessor-version":[{"id":1849,"href":"https:\/\/sud-sdis62.fr\/index.php\/wp-json\/wp\/v2\/posts\/1845\/revisions\/1849"}],"wp:featuredmedia":[{"embeddable":true,"href":"https:\/\/sud-sdis62.fr\/index.php\/wp-json\/wp\/v2\/media\/1850"}],"wp:attachment":[{"href":"https:\/\/sud-sdis62.fr\/index.php\/wp-json\/wp\/v2\/media?parent=1845"}],"wp:term":[{"taxonomy":"category","embeddable":true,"href":"https:\/\/sud-sdis62.fr\/index.php\/wp-json\/wp\/v2\/categories?post=1845"},{"taxonomy":"post_tag","embeddable":true,"href":"https:\/\/sud-sdis62.fr\/index.php\/wp-json\/wp\/v2\/tags?post=1845"}],"curies":[{"name":"wp","href":"https:\/\/api.w.org\/{rel}","templated":true}]}}