{"id":1609,"date":"2022-03-06T20:42:00","date_gmt":"2022-03-06T19:42:00","guid":{"rendered":"http:\/\/sud-sdis62.fr\/?p=1609"},"modified":"2022-03-07T20:45:49","modified_gmt":"2022-03-07T19:45:49","slug":"attribution-de-la-nouvelle-bonification-indiciaire-nbi","status":"publish","type":"post","link":"https:\/\/sud-sdis62.fr\/index.php\/2022\/03\/06\/attribution-de-la-nouvelle-bonification-indiciaire-nbi\/","title":{"rendered":"Attribution de la Nouvelle Bonification Indiciaire (NBI)"},"content":{"rendered":"<div class=\"kvgmc6g5 cxmmr5t8 oygrvhab hcukyx3x c1et5uql ii04i59q\">\n<div dir=\"auto\">Pour SUD, il nous semble maintenant n\u00e9cessaire d\u2019ouvrir largement le d\u00e9bat concernant l\u2019attribution de la NBI au sein des SDIS.<\/div>\n<div dir=\"auto\"><\/div>\n<\/div>\n<div class=\"cxmmr5t8 oygrvhab hcukyx3x c1et5uql o9v6fnle ii04i59q\">\n<div dir=\"auto\"><span class=\"ditlmg2l gl3lb2sf hhz5lgdu knj5qynh kvgmc6g5 nvdbi5me oygrvhab pq6dq46d sf5mxxl7 tbxw36s4\"><img loading=\"lazy\" src=\"https:\/\/static.xx.fbcdn.net\/images\/emoji.php\/v9\/t1f\/2\/16\/27a1.png\" alt=\"\u27a1\ufe0f\" width=\"16\" height=\"16\" data-cke-saved-src=\"https:\/\/static.xx.fbcdn.net\/images\/emoji.php\/v9\/t1f\/2\/16\/27a1.png\" \/><\/span> C&rsquo;est ce qu&rsquo;on fait vos repr\u00e9sentants SUD par courrier officiel aupr\u00e8s du ministre de l&rsquo;int\u00e9rieur.<\/div>\n<div dir=\"auto\"><\/div>\n<div dir=\"auto\"><span class=\"ditlmg2l gl3lb2sf hhz5lgdu knj5qynh kvgmc6g5 nvdbi5me oygrvhab pq6dq46d sf5mxxl7 tbxw36s4\"><img loading=\"lazy\" src=\"https:\/\/static.xx.fbcdn.net\/images\/emoji.php\/v9\/t1f\/2\/16\/27a1.png\" alt=\"\u27a1\ufe0f\" width=\"16\" height=\"16\" data-cke-saved-src=\"https:\/\/static.xx.fbcdn.net\/images\/emoji.php\/v9\/t1f\/2\/16\/27a1.png\" \/><\/span> C&rsquo;est ce qu&rsquo;ils ont fait lors de la r\u00e9union du dialogue social avec la DGSCGC<\/div>\n<div dir=\"auto\"><\/div>\n<div dir=\"auto\"><span class=\"ditlmg2l gl3lb2sf hhz5lgdu knj5qynh kvgmc6g5 nvdbi5me oygrvhab pq6dq46d sf5mxxl7 tbxw36s4\"><img loading=\"lazy\" src=\"https:\/\/static.xx.fbcdn.net\/images\/emoji.php\/v9\/t1f\/2\/16\/27a1.png\" alt=\"\u27a1\ufe0f\" width=\"16\" height=\"16\" data-cke-saved-src=\"https:\/\/static.xx.fbcdn.net\/images\/emoji.php\/v9\/t1f\/2\/16\/27a1.png\" \/><\/span> C&rsquo;est le dossier qu&rsquo;ils d\u00e9fendront ce mardi 8 mars devant les instances.<\/div>\n<\/div>\n<div class=\"cxmmr5t8 oygrvhab hcukyx3x c1et5uql o9v6fnle ii04i59q\">\n<div dir=\"auto\"><\/div>\n<div dir=\"auto\">NOTRE POSITION :<\/div>\n<div dir=\"auto\"><\/div>\n<\/div>\n<div class=\"cxmmr5t8 oygrvhab hcukyx3x c1et5uql o9v6fnle ii04i59q\">\n<div dir=\"auto\"><span class=\"ditlmg2l gl3lb2sf hhz5lgdu knj5qynh kvgmc6g5 nvdbi5me oygrvhab pq6dq46d sf5mxxl7 tbxw36s4\"><img loading=\"lazy\" src=\"https:\/\/static.xx.fbcdn.net\/images\/emoji.php\/v9\/tf0\/2\/16\/1f449.png\" alt=\"\ud83d\udc49\" width=\"16\" height=\"16\" data-cke-saved-src=\"https:\/\/static.xx.fbcdn.net\/images\/emoji.php\/v9\/tf0\/2\/16\/1f449.png\" \/><\/span> 1- attribution de la NBI accueil pour les emplois d\u2019op\u00e9rateur, chef op\u00e9rateur et adjoint chef de salle op\u00e9rationnelle.<\/div>\n<div dir=\"auto\"><\/div>\n<\/div>\n<div class=\"cxmmr5t8 oygrvhab hcukyx3x c1et5uql o9v6fnle ii04i59q\">\n<div dir=\"auto\"><span class=\"ditlmg2l gl3lb2sf hhz5lgdu knj5qynh kvgmc6g5 nvdbi5me oygrvhab pq6dq46d sf5mxxl7 tbxw36s4\"><img loading=\"lazy\" src=\"https:\/\/static.xx.fbcdn.net\/images\/emoji.php\/v9\/tf0\/2\/16\/1f449.png\" alt=\"\ud83d\udc49\" width=\"16\" height=\"16\" data-cke-saved-src=\"https:\/\/static.xx.fbcdn.net\/images\/emoji.php\/v9\/tf0\/2\/16\/1f449.png\" \/><\/span> 2 \u2013 demande de modification de la ligne 24 du d\u00e9cret n\u00b02006-779. La demande consiste \u00e0 supprimer le d\u00e9lai de 7 ans pour que les CATE b\u00e9n\u00e9ficient de cette NBI.<\/div>\n<div dir=\"auto\"><\/div>\n<\/div>\n<div class=\"cxmmr5t8 oygrvhab hcukyx3x c1et5uql o9v6fnle ii04i59q\">\n<div dir=\"auto\"><span class=\"ditlmg2l gl3lb2sf hhz5lgdu knj5qynh kvgmc6g5 nvdbi5me oygrvhab pq6dq46d sf5mxxl7 tbxw36s4\"><img loading=\"lazy\" src=\"https:\/\/static.xx.fbcdn.net\/images\/emoji.php\/v9\/tf0\/2\/16\/1f449.png\" alt=\"\ud83d\udc49\" width=\"16\" height=\"16\" data-cke-saved-src=\"https:\/\/static.xx.fbcdn.net\/images\/emoji.php\/v9\/tf0\/2\/16\/1f449.png\" \/><\/span> 3- emploi officier de garde \/chef de groupe et chef de salle op\u00e9rationnelle<\/div>\n<div dir=\"auto\">La ligne 19 du d\u00e9cret n\u00b02006-779 attribue une NBI au titre de l\u2019encadrement de proximit\u00e9 d\u2019une \u00e9quipe \u00e0 vocation technique d\u2019au moins cinq agents.<\/div>\n<div dir=\"auto\"><\/div>\n<\/div>\n<div class=\"cxmmr5t8 oygrvhab hcukyx3x c1et5uql o9v6fnle ii04i59q\">\n<div dir=\"auto\"><span class=\"ditlmg2l gl3lb2sf hhz5lgdu knj5qynh kvgmc6g5 nvdbi5me oygrvhab pq6dq46d sf5mxxl7 tbxw36s4\"><img loading=\"lazy\" src=\"https:\/\/static.xx.fbcdn.net\/images\/emoji.php\/v9\/tf0\/2\/16\/1f449.png\" alt=\"\ud83d\udc49\" width=\"16\" height=\"16\" data-cke-saved-src=\"https:\/\/static.xx.fbcdn.net\/images\/emoji.php\/v9\/tf0\/2\/16\/1f449.png\" \/><\/span> 4- NBI \u00e0 certains personnels de la fonction publique territoriale exer\u00e7ant dans des zones \u00e0 caract\u00e8re sensible.<\/div>\n<\/div>\n<div class=\"cxmmr5t8 oygrvhab hcukyx3x c1et5uql o9v6fnle ii04i59q\">\n<div dir=\"auto\"><\/div>\n<div dir=\"auto\">Continuez \u00e0 nous rejoindre toujours plus nombreux, et merci pour votre confiance.<\/div>\n<\/div>\n<div class=\"cxmmr5t8 oygrvhab hcukyx3x c1et5uql o9v6fnle ii04i59q\">\n<div dir=\"auto\"><\/div>\n<div dir=\"auto\">Vos repr\u00e9sentants SUD<\/div>\n<\/div>\n<div class=\"cxmmr5t8 oygrvhab hcukyx3x c1et5uql o9v6fnle ii04i59q\">\n<div dir=\"auto\"><\/div>\n<div dir=\"auto\">Suivez nous sur<\/div>\n<div dir=\"auto\"><span style=\"color: #ff9900;\"><a class=\"oajrlxb2 g5ia77u1 qu0x051f esr5mh6w e9989ue4 r7d6kgcz rq0escxv nhd2j8a9 nc684nl6 p7hjln8o kvgmc6g5 cxmmr5t8 oygrvhab hcukyx3x jb3vyjys rz4wbd8a qt6c0cv9 a8nywdso i1ao9s8h esuyzwwr f1sip0of lzcic4wl gpro0wi8 py34i1dx\" style=\"color: #ff9900;\" tabindex=\"0\" role=\"link\" href=\"https:\/\/chat.whatsapp.com\/LEVCuRZpdRhIftXuamHwmO?fbclid=IwAR0rpK139zqaQ_tggACQkLPvqtDAq-9em7dOMnMv_p03tjPqV-ZIgRB0xm4\" target=\"_blank\" rel=\"nofollow noopener\" data-cke-saved-href=\"https:\/\/chat.whatsapp.com\/LEVCuRZpdRhIftXuamHwmO?fbclid=IwAR0rpK139zqaQ_tggACQkLPvqtDAq-9em7dOMnMv_p03tjPqV-ZIgRB0xm4\">https:\/\/chat.whatsapp.com\/LEVCuRZpdRhIftXuamHwmO<\/a><\/span><\/div>\n<\/div>\n","protected":false},"excerpt":{"rendered":"<p>Pour SUD, il nous semble maintenant n\u00e9cessaire d\u2019ouvrir largement le d\u00e9bat concernant l\u2019attribution de la NBI au sein des SDIS. C&rsquo;est ce qu&rsquo;on fait vos repr\u00e9sentants SUD par courrier officiel aupr\u00e8s du ministre de l&rsquo;int\u00e9rieur. C&rsquo;est ce qu&rsquo;ils ont fait lors de la r\u00e9union du dialogue social avec la DGSCGC C&rsquo;est le dossier qu&rsquo;ils d\u00e9fendront &hellip;<\/p>\n","protected":false},"author":2,"featured_media":1610,"comment_status":"closed","ping_status":"closed","sticky":false,"template":"","format":"standard","meta":{"_EventAllDay":false,"_EventTimezone":"","_EventStartDate":"","_EventEndDate":"","_EventStartDateUTC":"","_EventEndDateUTC":"","_EventShowMap":false,"_EventShowMapLink":false,"_EventURL":"","_EventCost":"","_EventCostDescription":"","_EventCurrencySymbol":"","_EventCurrencyPosition":"","_EventDateTimeSeparator":"","_EventTimeRangeSeparator":"","_EventOrganizerID":[],"_EventVenueID":0,"_OrganizerEmail":"","_OrganizerPhone":"","_OrganizerWebsite":"","_VenueAddress":"","_VenueCity":"","_VenueCountry":"","_VenueProvince":"","_VenueZip":"","_VenuePhone":"","_VenueURL":"","_VenueStateProvince":"","_VenueLat":"","_VenueLng":""},"categories":[1],"tags":[],"_links":{"self":[{"href":"https:\/\/sud-sdis62.fr\/index.php\/wp-json\/wp\/v2\/posts\/1609"}],"collection":[{"href":"https:\/\/sud-sdis62.fr\/index.php\/wp-json\/wp\/v2\/posts"}],"about":[{"href":"https:\/\/sud-sdis62.fr\/index.php\/wp-json\/wp\/v2\/types\/post"}],"author":[{"embeddable":true,"href":"https:\/\/sud-sdis62.fr\/index.php\/wp-json\/wp\/v2\/users\/2"}],"replies":[{"embeddable":true,"href":"https:\/\/sud-sdis62.fr\/index.php\/wp-json\/wp\/v2\/comments?post=1609"}],"version-history":[{"count":4,"href":"https:\/\/sud-sdis62.fr\/index.php\/wp-json\/wp\/v2\/posts\/1609\/revisions"}],"predecessor-version":[{"id":1614,"href":"https:\/\/sud-sdis62.fr\/index.php\/wp-json\/wp\/v2\/posts\/1609\/revisions\/1614"}],"wp:featuredmedia":[{"embeddable":true,"href":"https:\/\/sud-sdis62.fr\/index.php\/wp-json\/wp\/v2\/media\/1610"}],"wp:attachment":[{"href":"https:\/\/sud-sdis62.fr\/index.php\/wp-json\/wp\/v2\/media?parent=1609"}],"wp:term":[{"taxonomy":"category","embeddable":true,"href":"https:\/\/sud-sdis62.fr\/index.php\/wp-json\/wp\/v2\/categories?post=1609"},{"taxonomy":"post_tag","embeddable":true,"href":"https:\/\/sud-sdis62.fr\/index.php\/wp-json\/wp\/v2\/tags?post=1609"}],"curies":[{"name":"wp","href":"https:\/\/api.w.org\/{rel}","templated":true}]}}