{"id":1487,"date":"2021-05-22T14:29:55","date_gmt":"2021-05-22T12:29:55","guid":{"rendered":"http:\/\/sud-sdis62.fr\/?p=1487"},"modified":"2021-05-22T14:34:25","modified_gmt":"2021-05-22T12:34:25","slug":"arrete-du-10-mai-2021-modifiant-lannexe-ii-de-larrete-du-21-decembre-2020-portant-organisation-de-la-formation-continue-dans-le-domaine-des-premiers-secours","status":"publish","type":"post","link":"https:\/\/sud-sdis62.fr\/index.php\/2021\/05\/22\/arrete-du-10-mai-2021-modifiant-lannexe-ii-de-larrete-du-21-decembre-2020-portant-organisation-de-la-formation-continue-dans-le-domaine-des-premiers-secours\/","title":{"rendered":"Arr\u00eat\u00e9 du 10 mai 2021 modifiant l&rsquo;annexe II de l&rsquo;arr\u00eat\u00e9 du 21 d\u00e9cembre 2020 portant organisation de la formation continue dans le domaine des premiers secours"},"content":{"rendered":"<div id=\"pl-1487\" class=\"panel-layout\">\n<div id=\"pg-1487-0\" class=\"panel-grid panel-no-style\">\n<div id=\"pgc-1487-0-0\" class=\"panel-grid-cell\" data-weight=\"1\">\n<div id=\"panel-1487-0-0-0\" class=\"so-panel widget widget_text panel-first-child panel-last-child\" data-index=\"0\" data-style=\"{&quot;background_image_attachment&quot;:false,&quot;background_display&quot;:&quot;tile&quot;}\">\n<h1 class=\"main-title\" style=\"text-align: left;\">\u00a0 \u00a0 \u00a0<span style=\"font-size: 96px;\"> \u2192<\/span>\u00a0 <a href=\"http:\/\/sud-sdis62.fr\/wp-content\/uploads\/2021\/05\/aLfxBc-joe_20210522_0118_0018.pdf\"><img loading=\"lazy\" class=\"alignnone  wp-image-1493\" src=\"http:\/\/sud-sdis62.fr\/wp-content\/uploads\/2021\/05\/Capture-decran-2021-05-22-a-14.33.12.png\" alt=\"\" width=\"303\" height=\"133\" srcset=\"https:\/\/sud-sdis62.fr\/wp-content\/uploads\/2021\/05\/Capture-decran-2021-05-22-a-14.33.12.png 2098w, https:\/\/sud-sdis62.fr\/wp-content\/uploads\/2021\/05\/Capture-decran-2021-05-22-a-14.33.12-300x132.png 300w, https:\/\/sud-sdis62.fr\/wp-content\/uploads\/2021\/05\/Capture-decran-2021-05-22-a-14.33.12-1024x450.png 1024w, https:\/\/sud-sdis62.fr\/wp-content\/uploads\/2021\/05\/Capture-decran-2021-05-22-a-14.33.12-768x338.png 768w, https:\/\/sud-sdis62.fr\/wp-content\/uploads\/2021\/05\/Capture-decran-2021-05-22-a-14.33.12-1536x675.png 1536w, https:\/\/sud-sdis62.fr\/wp-content\/uploads\/2021\/05\/Capture-decran-2021-05-22-a-14.33.12-2048x900.png 2048w, https:\/\/sud-sdis62.fr\/wp-content\/uploads\/2021\/05\/Capture-decran-2021-05-22-a-14.33.12-640x281.png 640w\" sizes=\"(max-width: 303px) 100vw, 303px\" \/><\/a><\/h1>\n<div class=\"textwidget\"><\/div>\n<\/div>\n<\/div>\n<\/div>\n<\/div>\n","protected":false},"excerpt":{"rendered":"<p>\u00a0 \u00a0 \u00a0 \u2192\u00a0<\/p>\n","protected":false},"author":2,"featured_media":1488,"comment_status":"closed","ping_status":"closed","sticky":false,"template":"","format":"standard","meta":{"_EventAllDay":false,"_EventTimezone":"","_EventStartDate":"","_EventEndDate":"","_EventStartDateUTC":"","_EventEndDateUTC":"","_EventShowMap":false,"_EventShowMapLink":false,"_EventURL":"","_EventCost":"","_EventCostDescription":"","_EventCurrencySymbol":"","_EventCurrencyPosition":"","_EventDateTimeSeparator":"","_EventTimeRangeSeparator":"","_EventOrganizerID":[],"_EventVenueID":0,"_OrganizerEmail":"","_OrganizerPhone":"","_OrganizerWebsite":"","_VenueAddress":"","_VenueCity":"","_VenueCountry":"","_VenueProvince":"","_VenueZip":"","_VenuePhone":"","_VenueURL":"","_VenueStateProvince":"","_VenueLat":"","_VenueLng":""},"categories":[1],"tags":[],"_links":{"self":[{"href":"https:\/\/sud-sdis62.fr\/index.php\/wp-json\/wp\/v2\/posts\/1487"}],"collection":[{"href":"https:\/\/sud-sdis62.fr\/index.php\/wp-json\/wp\/v2\/posts"}],"about":[{"href":"https:\/\/sud-sdis62.fr\/index.php\/wp-json\/wp\/v2\/types\/post"}],"author":[{"embeddable":true,"href":"https:\/\/sud-sdis62.fr\/index.php\/wp-json\/wp\/v2\/users\/2"}],"replies":[{"embeddable":true,"href":"https:\/\/sud-sdis62.fr\/index.php\/wp-json\/wp\/v2\/comments?post=1487"}],"version-history":[{"count":3,"href":"https:\/\/sud-sdis62.fr\/index.php\/wp-json\/wp\/v2\/posts\/1487\/revisions"}],"predecessor-version":[{"id":1494,"href":"https:\/\/sud-sdis62.fr\/index.php\/wp-json\/wp\/v2\/posts\/1487\/revisions\/1494"}],"wp:featuredmedia":[{"embeddable":true,"href":"https:\/\/sud-sdis62.fr\/index.php\/wp-json\/wp\/v2\/media\/1488"}],"wp:attachment":[{"href":"https:\/\/sud-sdis62.fr\/index.php\/wp-json\/wp\/v2\/media?parent=1487"}],"wp:term":[{"taxonomy":"category","embeddable":true,"href":"https:\/\/sud-sdis62.fr\/index.php\/wp-json\/wp\/v2\/categories?post=1487"},{"taxonomy":"post_tag","embeddable":true,"href":"https:\/\/sud-sdis62.fr\/index.php\/wp-json\/wp\/v2\/tags?post=1487"}],"curies":[{"name":"wp","href":"https:\/\/api.w.org\/{rel}","templated":true}]}}