{"id":1306,"date":"2020-10-22T14:19:44","date_gmt":"2020-10-22T12:19:44","guid":{"rendered":"http:\/\/sud-sdis62.fr\/?p=1306"},"modified":"2020-10-22T14:21:55","modified_gmt":"2020-10-22T12:21:55","slug":"supression-de-la-surcotisation-cnracl-message-de-gerald-darmanin","status":"publish","type":"post","link":"https:\/\/sud-sdis62.fr\/index.php\/2020\/10\/22\/supression-de-la-surcotisation-cnracl-message-de-gerald-darmanin\/","title":{"rendered":"SUPRESSION DE LA SURCOTISATION CNRACL : Message de G\u00e9rald Darmanin"},"content":{"rendered":"<p>Mesdames, Messieurs,<\/p>\n<p>Vous trouverez ci-apr\u00e8s la r\u00e9action de Gerald Darmanin au vote par l\u2019Assembl\u00e9e Nationale de l\u2019amendement du Gouvernement portant suppression de la part employeur de la surcotisation CNRACL sur la prime de feu.<br \/>\nBien cordialement<span class=\"text_exposed_show\"><br \/>\nAlexandre Brug\u00e8re<br \/>\nConseiller social du ministre de l\u2019Int\u00e9rieur<\/span><\/p>\n<div class=\"text_exposed_show\">\n<p>\/\/\/<\/p>\n<p>Sapeurs-pompiers : vote de l\u2019Assembl\u00e9e nationale sur la suppression de la part employeur de la sur-cotisation \u00ab prime de feu \u00bb. Elle viendra compenser le co\u00fbt pour les d\u00e9partements de la hausse de la prime voulue par le Gouvernement de @JeanCASTEX.<\/p>\n<p>Conform\u00e9ment \u00e0 l\u2019engagement de l\u2019Assembl\u00e9e des d\u00e9partements de France, dont je remercie le Pr\u00e9sident @Dbussereau, il revient d\u00e9sormais \u00e0 tous les SDIS de France de voter cette augmentation.<\/p>\n<p>= Un gain de pouvoir d\u2019achat net mensuel par pompier de pr\u00e8s de 100 euros.<\/p>\n<p><span style=\"color: #ff0000;\"><a style=\"color: #ff0000;\" href=\"https:\/\/twitter.com\/gdarmanin\/status\/1319224139501195265?s=21&amp;fbclid=IwAR28EFIw52ByvWBvAfjP_TA_kLFLlgSzS8WUIegvQVFhVkhELS8wlFMe2uM\" target=\"_blank\" rel=\"noopener nofollow\" data-ft=\"{&quot;tn&quot;:&quot;-U&quot;}\" data-lynx-mode=\"origin\" data-lynx-uri=\"https:\/\/l.facebook.com\/l.php?u=https%3A%2F%2Ftwitter.com%2Fgdarmanin%2Fstatus%2F1319224139501195265%3Fs%3D21%26fbclid%3DIwAR28EFIw52ByvWBvAfjP_TA_kLFLlgSzS8WUIegvQVFhVkhELS8wlFMe2uM&amp;h=AT2i1rCj5K57jsgg2PZ4kdCXWIH7T3AVHpiUwXrb3gpqpsbEEzJBxLaUXB73fGGs34E_0j9R9Ae7t3InJ673tL2CcG-wr5G0CeOU24WYsx0QbzG0fzbI8dvZ_e1P-bN0O7-gaquuHoVr4cqZ17AnM88HY5ogBnFjGqfImR22CI5LEfyE382OVqusbfEJnxbpTvFrqP5yLEToTswXQsuhjKUVNhMMI3iaS_wba6hTbcvQS1LqBz2Lh6dbt-RI27N7Mb_A5NLdNuxOTKqni5S4Rx548gOUu44lCOnmep45G738n0ZCYChua5dk_82PNQ4zroaS9dwxyhSLWkp_HV_Olyq0LttsaP9J2ysWbwXziBSW81UWN57v_6vBinO1up-Bf4jXkzm9jr7aeQEH_aJtMfVofpCj-vv_XeFLo4Qu9rv98fJSN6_xv2yEm9VgWm5_i6tfPBEaQtnfXdA4Vrd800WBEw_dwqWUpxPyOiOqvdRVIJKwpauGkRmtDFgGJtcaKoOAtorqc_REYIdhA5BimoVdeT88PEOm3IRHqNJnDhJqDeerZ_ExScQ6wW_-Ua7Ow4uGdt6RrlAj319ahBbN2jszH1tWUl7u7bgSdT2XM4A-7iERCjz90xHTndc2OInDNsrLvOGR8_oPpxDarV8hV-kaym-xfF5LBu5FED-hN9S49WmedNob6Y4LPOXjh1FGo3dJivuWeam7fXZ7cB8rRebsrlAu3fBj4LNlIFw3jOgfBYTZIGwGQf-FUV0BeHXISjKtsRk\">https:\/\/twitter.com\/gdarmanin\/status\/1319224139501195265\u2026<\/a><\/span><\/p>\n<p><span style=\"color: #ff0000;\"><a style=\"color: #ff0000;\" href=\"https:\/\/twitter.com\/gdarmanin\/status\/1319224281574887424?s=21&amp;fbclid=IwAR2MXw8B2SqHeJF_w3Kpxq_X-uoXDOOMZ0nczKE3qCyPoP1BSM_8Xndig2A\" target=\"_blank\" rel=\"noopener nofollow\" data-ft=\"{&quot;tn&quot;:&quot;-U&quot;}\" data-lynx-mode=\"origin\" data-lynx-uri=\"https:\/\/l.facebook.com\/l.php?u=https%3A%2F%2Ftwitter.com%2Fgdarmanin%2Fstatus%2F1319224281574887424%3Fs%3D21%26fbclid%3DIwAR2MXw8B2SqHeJF_w3Kpxq_X-uoXDOOMZ0nczKE3qCyPoP1BSM_8Xndig2A&amp;h=AT25JeeKxMn00kgbhnNzgoH6AAUDVKtmxlIPcW6US0jxr8h_Mz-1BpI7xTAsV__UqBDuab1D0wV6Be5QYaIeGnBua2q5NLYWFKnRdk_7w_BXZXFsEk7wR1KvuCKUSnkFvPAZi9FobtYdM-d_MhI0FA2G2wtbLqNWcdyqnHs6TndxS2QZ3hJ_4QQ3SPI5K3Kq6tvUJUz8DOjDNCjwIH3Dph1K0TnXkWl7exSJChpWnnuhkU2tCjKQW3gYFcXtsVaO9S8B39SqKJ-IirgF-RnNyiPeJOqVVcBuqKIvO1vCVKMHi-HTBmuHjbaQvIZFBxjwbThEJFub40EYTsnKn98dibnk1TMKMBK6Pp7Ojit7yRpx396q3pm-bNzH3OTVRzUsK1NTIAihyTAeAYD6lc5qaRizcBPjslA9mbpJPfkLFnnj-W_dec1oTdIv7olE8GpinPuicPS6U1i03XUAVkWILSNtdysMYF9Pv2fjV_hOpTA9JL3xixdXPk7hkcFhZY66EsslMekYQF8Dsd_xK5IHtq16mpfRO7KFgs12ivu1v-KkQy1Aqi7JkQJK_47t5yTrG-5rTZWbETpJxnByG8yiNo8NCzvqY6Z2i2pr0QGotQ3lMgKtd3LRVkB31lycAdht53cX8A6pX95BVzwKVLVcTRonWIv46H-I7SWMNE9cwzc4CRYGgIcC91i0LSU_lpJCRhoo4mkyevlXuwl8hRSQFZ5SRF5kbERKJgfM26eH_t1T--tvq7mEiXWyeZ6G_H3rRijsVgA\">https:\/\/twitter.com\/gdarmanin\/status\/1319224281574887424\u2026<\/a><\/span><\/p>\n<\/div>\n","protected":false},"excerpt":{"rendered":"<p>Mesdames, Messieurs, Vous trouverez ci-apr\u00e8s la r\u00e9action de Gerald Darmanin au vote par l\u2019Assembl\u00e9e Nationale de l\u2019amendement du Gouvernement portant suppression de la part employeur de la surcotisation CNRACL sur la prime de feu. Bien cordialement Alexandre Brug\u00e8re Conseiller social du ministre de l\u2019Int\u00e9rieur \/\/\/ Sapeurs-pompiers : vote de l\u2019Assembl\u00e9e nationale sur la suppression de &hellip;<\/p>\n","protected":false},"author":2,"featured_media":1307,"comment_status":"closed","ping_status":"closed","sticky":false,"template":"","format":"standard","meta":{"_EventAllDay":false,"_EventTimezone":"","_EventStartDate":"","_EventEndDate":"","_EventStartDateUTC":"","_EventEndDateUTC":"","_EventShowMap":false,"_EventShowMapLink":false,"_EventURL":"","_EventCost":"","_EventCostDescription":"","_EventCurrencySymbol":"","_EventCurrencyPosition":"","_EventDateTimeSeparator":"","_EventTimeRangeSeparator":"","_EventOrganizerID":[],"_EventVenueID":0,"_OrganizerEmail":"","_OrganizerPhone":"","_OrganizerWebsite":"","_VenueAddress":"","_VenueCity":"","_VenueCountry":"","_VenueProvince":"","_VenueZip":"","_VenuePhone":"","_VenueURL":"","_VenueStateProvince":"","_VenueLat":"","_VenueLng":""},"categories":[1],"tags":[],"_links":{"self":[{"href":"https:\/\/sud-sdis62.fr\/index.php\/wp-json\/wp\/v2\/posts\/1306"}],"collection":[{"href":"https:\/\/sud-sdis62.fr\/index.php\/wp-json\/wp\/v2\/posts"}],"about":[{"href":"https:\/\/sud-sdis62.fr\/index.php\/wp-json\/wp\/v2\/types\/post"}],"author":[{"embeddable":true,"href":"https:\/\/sud-sdis62.fr\/index.php\/wp-json\/wp\/v2\/users\/2"}],"replies":[{"embeddable":true,"href":"https:\/\/sud-sdis62.fr\/index.php\/wp-json\/wp\/v2\/comments?post=1306"}],"version-history":[{"count":2,"href":"https:\/\/sud-sdis62.fr\/index.php\/wp-json\/wp\/v2\/posts\/1306\/revisions"}],"predecessor-version":[{"id":1309,"href":"https:\/\/sud-sdis62.fr\/index.php\/wp-json\/wp\/v2\/posts\/1306\/revisions\/1309"}],"wp:featuredmedia":[{"embeddable":true,"href":"https:\/\/sud-sdis62.fr\/index.php\/wp-json\/wp\/v2\/media\/1307"}],"wp:attachment":[{"href":"https:\/\/sud-sdis62.fr\/index.php\/wp-json\/wp\/v2\/media?parent=1306"}],"wp:term":[{"taxonomy":"category","embeddable":true,"href":"https:\/\/sud-sdis62.fr\/index.php\/wp-json\/wp\/v2\/categories?post=1306"},{"taxonomy":"post_tag","embeddable":true,"href":"https:\/\/sud-sdis62.fr\/index.php\/wp-json\/wp\/v2\/tags?post=1306"}],"curies":[{"name":"wp","href":"https:\/\/api.w.org\/{rel}","templated":true}]}}