{"id":1021,"date":"2019-09-23T11:42:14","date_gmt":"2019-09-23T09:42:14","guid":{"rendered":"http:\/\/sud-sdis62.fr\/?p=1021"},"modified":"2019-09-23T11:42:14","modified_gmt":"2019-09-23T09:42:14","slug":"vannes-rencontre-avec-le-ministre-de-linterieur","status":"publish","type":"post","link":"https:\/\/sud-sdis62.fr\/index.php\/2019\/09\/23\/vannes-rencontre-avec-le-ministre-de-linterieur\/","title":{"rendered":"Vannes rencontre avec le Ministre de l&rsquo;int\u00e9rieur"},"content":{"rendered":"<p>Sud Sdis 44 rencontre le minitre :<\/p>\n<p>Des groupes de travail seront mis\u00a0en place prochainement.<\/p>\n<p>Sud Sdis \u00a0participera \u00e0 100% aux travaux pour d\u00e9fendre nos valeurs et \u00a0notre m\u00e9tier !<\/p>\n<p>&#8211; l&rsquo;instauration d&rsquo;un dialogue social permanent et r\u00e9gulier.<br \/>\n&#8211; la reconnaissance et l&rsquo;application des textes nationaux et europ\u00e9ens concernant notre fili\u00e8re;<br \/>\n&#8211; l&rsquo;application sans d\u00e9lais de la directive Europ\u00e9enne sur la sant\u00e9 et la s\u00e9curit\u00e9 des travailleurs au travail;<br \/>\n&#8211; l&rsquo;inqui\u00e9tude partag\u00e9e face \u00e0 l&rsquo;augmentation du nombre d&rsquo;interventions et la stagnation, voire la baisse des effectifs;<br \/>\n&#8211; le dossier SUAP;<br \/>\n&#8211; la sur cotisation CNRACL;<br \/>\n&#8211; la prime de feu;<br \/>\n&#8211; la cr\u00e9ation de r\u00e9f\u00e9rent.es \u00e9galit\u00e9 dans les SDIS.<\/p>\n","protected":false},"excerpt":{"rendered":"<p>Sud Sdis 44 rencontre le minitre : Des groupes de travail seront mis\u00a0en place prochainement. Sud Sdis \u00a0participera \u00e0 100% aux travaux pour d\u00e9fendre nos valeurs et \u00a0notre m\u00e9tier ! &#8211; l&rsquo;instauration d&rsquo;un dialogue social permanent et r\u00e9gulier. &#8211; la reconnaissance et l&rsquo;application des textes nationaux et europ\u00e9ens concernant notre fili\u00e8re; &#8211; l&rsquo;application sans d\u00e9lais &hellip;<\/p>\n","protected":false},"author":2,"featured_media":1022,"comment_status":"closed","ping_status":"closed","sticky":false,"template":"","format":"standard","meta":{"_EventAllDay":false,"_EventTimezone":"","_EventStartDate":"","_EventEndDate":"","_EventStartDateUTC":"","_EventEndDateUTC":"","_EventShowMap":false,"_EventShowMapLink":false,"_EventURL":"","_EventCost":"","_EventCostDescription":"","_EventCurrencySymbol":"","_EventCurrencyPosition":"","_EventDateTimeSeparator":"","_EventTimeRangeSeparator":"","_EventOrganizerID":[],"_EventVenueID":0,"_OrganizerEmail":"","_OrganizerPhone":"","_OrganizerWebsite":"","_VenueAddress":"","_VenueCity":"","_VenueCountry":"","_VenueProvince":"","_VenueZip":"","_VenuePhone":"","_VenueURL":"","_VenueStateProvince":"","_VenueLat":"","_VenueLng":""},"categories":[1],"tags":[],"_links":{"self":[{"href":"https:\/\/sud-sdis62.fr\/index.php\/wp-json\/wp\/v2\/posts\/1021"}],"collection":[{"href":"https:\/\/sud-sdis62.fr\/index.php\/wp-json\/wp\/v2\/posts"}],"about":[{"href":"https:\/\/sud-sdis62.fr\/index.php\/wp-json\/wp\/v2\/types\/post"}],"author":[{"embeddable":true,"href":"https:\/\/sud-sdis62.fr\/index.php\/wp-json\/wp\/v2\/users\/2"}],"replies":[{"embeddable":true,"href":"https:\/\/sud-sdis62.fr\/index.php\/wp-json\/wp\/v2\/comments?post=1021"}],"version-history":[{"count":1,"href":"https:\/\/sud-sdis62.fr\/index.php\/wp-json\/wp\/v2\/posts\/1021\/revisions"}],"predecessor-version":[{"id":1023,"href":"https:\/\/sud-sdis62.fr\/index.php\/wp-json\/wp\/v2\/posts\/1021\/revisions\/1023"}],"wp:featuredmedia":[{"embeddable":true,"href":"https:\/\/sud-sdis62.fr\/index.php\/wp-json\/wp\/v2\/media\/1022"}],"wp:attachment":[{"href":"https:\/\/sud-sdis62.fr\/index.php\/wp-json\/wp\/v2\/media?parent=1021"}],"wp:term":[{"taxonomy":"category","embeddable":true,"href":"https:\/\/sud-sdis62.fr\/index.php\/wp-json\/wp\/v2\/categories?post=1021"},{"taxonomy":"post_tag","embeddable":true,"href":"https:\/\/sud-sdis62.fr\/index.php\/wp-json\/wp\/v2\/tags?post=1021"}],"curies":[{"name":"wp","href":"https:\/\/api.w.org\/{rel}","templated":true}]}}